{"id":3183,"date":"2025-08-26T17:11:35","date_gmt":"2025-08-26T17:11:35","guid":{"rendered":"https:\/\/marionwuethrich.ch\/?p=3183"},"modified":"2025-08-26T17:13:44","modified_gmt":"2025-08-26T17:13:44","slug":"lesotho-sothokids","status":"publish","type":"post","link":"https:\/\/marionwuethrich.ch\/index.php\/2025\/08\/26\/lesotho-sothokids\/","title":{"rendered":"LESOTHO &#8211; SOTHOKIDS"},"content":{"rendered":"<h3 data-start=\"129\" data-end=\"169\">\ud83c\udde9\ud83c\uddea LESOTHO &#8211; SOTHOKIDS<\/h3>\n<p data-start=\"170\" data-end=\"222\"><strong data-start=\"170\" data-end=\"220\">Lesotho \u2013 das K\u00f6nigreich der Berge bei den RFI<\/strong><\/p>\n<p data-start=\"224\" data-end=\"537\">Zum ersten Mal sind K\u00fcnstlerinnen und K\u00fcnstler aus Lesotho, dem \u201eK\u00f6nigreich der Berge\u201c, bei den RFI zu Gast. Die Gruppe <em data-start=\"344\" data-end=\"355\">Sothokids<\/em> bewahrt die Volksmusik ihres Landes und tritt in den ber\u00fchmten Basotho-Decken auf, die in wichtigen Lebensabschnitten wie Initiation, Hochzeit oder Beschneidung \u00fcberreicht werden.<\/p>\n<p data-start=\"539\" data-end=\"710\">Mit Gesang, Tanz und dem mitrei\u00dfenden Famo \u2013 begleitet von Akkordeon und Percussion \u2013 lassen sie die Geschichten der Bergarbeiter und die Seele Lesothos lebendig werden.<\/p>\n<p data-start=\"539\" data-end=\"710\">Herzlichen Dank, dass ich die Gelegenheit hatte, zu fotografieren. Ich w\u00fcnsche euch von Herzen viel Erfolg und alles Gute f\u00fcr die Zukunft!<\/p>\n<hr data-start=\"712\" data-end=\"715\" \/>\n<h3 data-start=\"717\" data-end=\"765\">\ud83c\uddec\ud83c\udde7 LESOTHO &#8211; SOTHOKIDS<\/h3>\n<p data-start=\"766\" data-end=\"821\"><strong data-start=\"766\" data-end=\"819\">Lesotho \u2013 the Kingdom of the Mountains at the RFI<\/strong><\/p>\n<p data-start=\"823\" data-end=\"1120\">For the very first time, artists from Lesotho, the \u201cKingdom of the Mountains,\u201d joined the RFI. The group <em data-start=\"928\" data-end=\"939\">Sothokids<\/em>preserves the country\u2019s folk music, performing in the iconic Basotho blankets \u2013 a powerful cultural symbol given at milestones such as initiation, weddings, and rites of passage.<\/p>\n<p data-start=\"1122\" data-end=\"1285\">Through song, dance, and the vibrant sounds of <em data-start=\"1169\" data-end=\"1175\">Famo<\/em> \u2013 carried by accordion and percussion \u2013 they bring to life the stories of miners and the spirit of Lesotho.<\/p>\n<p data-start=\"1122\" data-end=\"1285\">Thank you so much for giving me the opportunity to photograph. I sincerely wish you all the best and much success for the future!<\/p>\n<p data-start=\"717\" data-end=\"747\">Galerie nicht gefunden.<\/p>\n","protected":false},"excerpt":{"rendered":"<p>\ud83c\udde9\ud83c\uddea LESOTHO &#8211; SOTHOKIDS Lesotho \u2013 das K\u00f6nigreich der Berge bei den RFI Zum ersten Mal sind K\u00fcnstlerinnen und K\u00fcnstler aus Lesotho, dem \u201eK\u00f6nigreich der Berge\u201c, bei den RFI zu Gast. Die Gruppe Sothokids bewahrt die Volksmusik ihres Landes und tritt in den ber\u00fchmten Basotho-Decken auf, die in wichtigen Lebensabschnitten wie Initiation, Hochzeit oder Beschneidung [&hellip;]<\/p>\n","protected":false},"author":3,"featured_media":0,"comment_status":"open","ping_status":"closed","sticky":false,"template":"","format":"standard","meta":{"_et_pb_use_builder":"","_et_pb_old_content":"","_et_gb_content_width":"","footnotes":""},"categories":[38],"tags":[],"class_list":["post-3183","post","type-post","status-publish","format-standard","hentry","category-festivals"],"yoast_head":"<!-- This site is optimized with the Yoast SEO plugin v27.5 - https:\/\/yoast.com\/product\/yoast-seo-wordpress\/ -->\n<title>LESOTHO - SOTHOKIDS - Marion W\u00fcthrich - Fotografie und mehr..<\/title>\n<meta name=\"description\" content=\"Die Gruppe Te Wharekura o Ruatoki aus Aotearoa nahm am diesj\u00e4hrigen RFI in Fribourg teil \u2013 bekannt als die \u201eKinder des Nebels\u201c aus dem Stamm der T\u016bhoe.\" \/>\n<meta name=\"robots\" content=\"index, follow, max-snippet:-1, max-image-preview:large, max-video-preview:-1\" \/>\n<link rel=\"canonical\" href=\"https:\/\/marionwuethrich.ch\/index.php\/2025\/08\/26\/lesotho-sothokids\/\" \/>\n<meta property=\"og:locale\" content=\"de_DE\" \/>\n<meta property=\"og:type\" content=\"article\" \/>\n<meta property=\"og:title\" content=\"LESOTHO - SOTHOKIDS - Marion W\u00fcthrich - Fotografie und mehr..\" \/>\n<meta property=\"og:description\" content=\"Die Gruppe Te Wharekura o Ruatoki aus Aotearoa nahm am diesj\u00e4hrigen RFI in Fribourg teil \u2013 bekannt als die \u201eKinder des Nebels\u201c aus dem Stamm der T\u016bhoe.\" \/>\n<meta property=\"og:url\" content=\"https:\/\/marionwuethrich.ch\/index.php\/2025\/08\/26\/lesotho-sothokids\/\" \/>\n<meta property=\"og:site_name\" content=\"Marion W\u00fcthrich - Fotografie und mehr..\" \/>\n<meta property=\"article:published_time\" content=\"2025-08-26T17:11:35+00:00\" \/>\n<meta property=\"article:modified_time\" content=\"2025-08-26T17:13:44+00:00\" \/>\n<meta name=\"author\" content=\"Marion\" \/>\n<meta name=\"twitter:card\" content=\"summary_large_image\" \/>\n<meta name=\"twitter:label1\" content=\"Verfasst von\" \/>\n\t<meta name=\"twitter:data1\" content=\"Marion\" \/>\n\t<meta name=\"twitter:label2\" content=\"Gesch\u00e4tzte Lesezeit\" \/>\n\t<meta name=\"twitter:data2\" content=\"2\u00a0Minuten\" \/>\n<script type=\"application\/ld+json\" class=\"yoast-schema-graph\">{\"@context\":\"https:\\\/\\\/schema.org\",\"@graph\":[{\"@type\":\"Article\",\"@id\":\"https:\\\/\\\/marionwuethrich.ch\\\/index.php\\\/2025\\\/08\\\/26\\\/lesotho-sothokids\\\/#article\",\"isPartOf\":{\"@id\":\"https:\\\/\\\/marionwuethrich.ch\\\/index.php\\\/2025\\\/08\\\/26\\\/lesotho-sothokids\\\/\"},\"author\":{\"name\":\"Marion\",\"@id\":\"https:\\\/\\\/marionwuethrich.ch\\\/#\\\/schema\\\/person\\\/b335835b6214c14759c4071e6fa28ed9\"},\"headline\":\"LESOTHO &#8211; SOTHOKIDS\",\"datePublished\":\"2025-08-26T17:11:35+00:00\",\"dateModified\":\"2025-08-26T17:13:44+00:00\",\"mainEntityOfPage\":{\"@id\":\"https:\\\/\\\/marionwuethrich.ch\\\/index.php\\\/2025\\\/08\\\/26\\\/lesotho-sothokids\\\/\"},\"wordCount\":222,\"commentCount\":0,\"articleSection\":[\"FESTIVALS\"],\"inLanguage\":\"de\",\"potentialAction\":[{\"@type\":\"CommentAction\",\"name\":\"Comment\",\"target\":[\"https:\\\/\\\/marionwuethrich.ch\\\/index.php\\\/2025\\\/08\\\/26\\\/lesotho-sothokids\\\/#respond\"]}]},{\"@type\":\"WebPage\",\"@id\":\"https:\\\/\\\/marionwuethrich.ch\\\/index.php\\\/2025\\\/08\\\/26\\\/lesotho-sothokids\\\/\",\"url\":\"https:\\\/\\\/marionwuethrich.ch\\\/index.php\\\/2025\\\/08\\\/26\\\/lesotho-sothokids\\\/\",\"name\":\"LESOTHO - SOTHOKIDS - Marion W\u00fcthrich - Fotografie und mehr..\",\"isPartOf\":{\"@id\":\"https:\\\/\\\/marionwuethrich.ch\\\/#website\"},\"datePublished\":\"2025-08-26T17:11:35+00:00\",\"dateModified\":\"2025-08-26T17:13:44+00:00\",\"author\":{\"@id\":\"https:\\\/\\\/marionwuethrich.ch\\\/#\\\/schema\\\/person\\\/b335835b6214c14759c4071e6fa28ed9\"},\"description\":\"Die Gruppe Te Wharekura o Ruatoki aus Aotearoa nahm am diesj\u00e4hrigen RFI in Fribourg teil \u2013 bekannt als die \u201eKinder des Nebels\u201c aus dem Stamm der T\u016bhoe.\",\"breadcrumb\":{\"@id\":\"https:\\\/\\\/marionwuethrich.ch\\\/index.php\\\/2025\\\/08\\\/26\\\/lesotho-sothokids\\\/#breadcrumb\"},\"inLanguage\":\"de\",\"potentialAction\":[{\"@type\":\"ReadAction\",\"target\":[\"https:\\\/\\\/marionwuethrich.ch\\\/index.php\\\/2025\\\/08\\\/26\\\/lesotho-sothokids\\\/\"]}]},{\"@type\":\"BreadcrumbList\",\"@id\":\"https:\\\/\\\/marionwuethrich.ch\\\/index.php\\\/2025\\\/08\\\/26\\\/lesotho-sothokids\\\/#breadcrumb\",\"itemListElement\":[{\"@type\":\"ListItem\",\"position\":1,\"name\":\"Startseite\",\"item\":\"https:\\\/\\\/marionwuethrich.ch\\\/\"},{\"@type\":\"ListItem\",\"position\":2,\"name\":\"LESOTHO &#8211; SOTHOKIDS\"}]},{\"@type\":\"WebSite\",\"@id\":\"https:\\\/\\\/marionwuethrich.ch\\\/#website\",\"url\":\"https:\\\/\\\/marionwuethrich.ch\\\/\",\"name\":\"Marion W\u00fcthrich - Fotografie und mehr..\",\"description\":\"Fotografie\",\"potentialAction\":[{\"@type\":\"SearchAction\",\"target\":{\"@type\":\"EntryPoint\",\"urlTemplate\":\"https:\\\/\\\/marionwuethrich.ch\\\/?s={search_term_string}\"},\"query-input\":{\"@type\":\"PropertyValueSpecification\",\"valueRequired\":true,\"valueName\":\"search_term_string\"}}],\"inLanguage\":\"de\"},{\"@type\":\"Person\",\"@id\":\"https:\\\/\\\/marionwuethrich.ch\\\/#\\\/schema\\\/person\\\/b335835b6214c14759c4071e6fa28ed9\",\"name\":\"Marion\",\"image\":{\"@type\":\"ImageObject\",\"inLanguage\":\"de\",\"@id\":\"https:\\\/\\\/secure.gravatar.com\\\/avatar\\\/0c0461f1098d3f30d130c69d47867e4a7268f4dc83eef764bc035960af18d47f?s=96&d=mm&r=g\",\"url\":\"https:\\\/\\\/secure.gravatar.com\\\/avatar\\\/0c0461f1098d3f30d130c69d47867e4a7268f4dc83eef764bc035960af18d47f?s=96&d=mm&r=g\",\"contentUrl\":\"https:\\\/\\\/secure.gravatar.com\\\/avatar\\\/0c0461f1098d3f30d130c69d47867e4a7268f4dc83eef764bc035960af18d47f?s=96&d=mm&r=g\",\"caption\":\"Marion\"},\"sameAs\":[\"https:\\\/\\\/marionwuethrich.ch\"],\"url\":\"https:\\\/\\\/marionwuethrich.ch\\\/index.php\\\/author\\\/marionwuethrich\\\/\"}]}<\/script>\n<!-- \/ Yoast SEO plugin. -->","yoast_head_json":{"title":"LESOTHO - SOTHOKIDS - Marion W\u00fcthrich - Fotografie und mehr..","description":"Die Gruppe Te Wharekura o Ruatoki aus Aotearoa nahm am diesj\u00e4hrigen RFI in Fribourg teil \u2013 bekannt als die \u201eKinder des Nebels\u201c aus dem Stamm der T\u016bhoe.","robots":{"index":"index","follow":"follow","max-snippet":"max-snippet:-1","max-image-preview":"max-image-preview:large","max-video-preview":"max-video-preview:-1"},"canonical":"https:\/\/marionwuethrich.ch\/index.php\/2025\/08\/26\/lesotho-sothokids\/","og_locale":"de_DE","og_type":"article","og_title":"LESOTHO - SOTHOKIDS - Marion W\u00fcthrich - Fotografie und mehr..","og_description":"Die Gruppe Te Wharekura o Ruatoki aus Aotearoa nahm am diesj\u00e4hrigen RFI in Fribourg teil \u2013 bekannt als die \u201eKinder des Nebels\u201c aus dem Stamm der T\u016bhoe.","og_url":"https:\/\/marionwuethrich.ch\/index.php\/2025\/08\/26\/lesotho-sothokids\/","og_site_name":"Marion W\u00fcthrich - Fotografie und mehr..","article_published_time":"2025-08-26T17:11:35+00:00","article_modified_time":"2025-08-26T17:13:44+00:00","author":"Marion","twitter_card":"summary_large_image","twitter_misc":{"Verfasst von":"Marion","Gesch\u00e4tzte Lesezeit":"2\u00a0Minuten"},"schema":{"@context":"https:\/\/schema.org","@graph":[{"@type":"Article","@id":"https:\/\/marionwuethrich.ch\/index.php\/2025\/08\/26\/lesotho-sothokids\/#article","isPartOf":{"@id":"https:\/\/marionwuethrich.ch\/index.php\/2025\/08\/26\/lesotho-sothokids\/"},"author":{"name":"Marion","@id":"https:\/\/marionwuethrich.ch\/#\/schema\/person\/b335835b6214c14759c4071e6fa28ed9"},"headline":"LESOTHO &#8211; SOTHOKIDS","datePublished":"2025-08-26T17:11:35+00:00","dateModified":"2025-08-26T17:13:44+00:00","mainEntityOfPage":{"@id":"https:\/\/marionwuethrich.ch\/index.php\/2025\/08\/26\/lesotho-sothokids\/"},"wordCount":222,"commentCount":0,"articleSection":["FESTIVALS"],"inLanguage":"de","potentialAction":[{"@type":"CommentAction","name":"Comment","target":["https:\/\/marionwuethrich.ch\/index.php\/2025\/08\/26\/lesotho-sothokids\/#respond"]}]},{"@type":"WebPage","@id":"https:\/\/marionwuethrich.ch\/index.php\/2025\/08\/26\/lesotho-sothokids\/","url":"https:\/\/marionwuethrich.ch\/index.php\/2025\/08\/26\/lesotho-sothokids\/","name":"LESOTHO - SOTHOKIDS - Marion W\u00fcthrich - Fotografie und mehr..","isPartOf":{"@id":"https:\/\/marionwuethrich.ch\/#website"},"datePublished":"2025-08-26T17:11:35+00:00","dateModified":"2025-08-26T17:13:44+00:00","author":{"@id":"https:\/\/marionwuethrich.ch\/#\/schema\/person\/b335835b6214c14759c4071e6fa28ed9"},"description":"Die Gruppe Te Wharekura o Ruatoki aus Aotearoa nahm am diesj\u00e4hrigen RFI in Fribourg teil \u2013 bekannt als die \u201eKinder des Nebels\u201c aus dem Stamm der T\u016bhoe.","breadcrumb":{"@id":"https:\/\/marionwuethrich.ch\/index.php\/2025\/08\/26\/lesotho-sothokids\/#breadcrumb"},"inLanguage":"de","potentialAction":[{"@type":"ReadAction","target":["https:\/\/marionwuethrich.ch\/index.php\/2025\/08\/26\/lesotho-sothokids\/"]}]},{"@type":"BreadcrumbList","@id":"https:\/\/marionwuethrich.ch\/index.php\/2025\/08\/26\/lesotho-sothokids\/#breadcrumb","itemListElement":[{"@type":"ListItem","position":1,"name":"Startseite","item":"https:\/\/marionwuethrich.ch\/"},{"@type":"ListItem","position":2,"name":"LESOTHO &#8211; SOTHOKIDS"}]},{"@type":"WebSite","@id":"https:\/\/marionwuethrich.ch\/#website","url":"https:\/\/marionwuethrich.ch\/","name":"Marion W\u00fcthrich - Fotografie und mehr..","description":"Fotografie","potentialAction":[{"@type":"SearchAction","target":{"@type":"EntryPoint","urlTemplate":"https:\/\/marionwuethrich.ch\/?s={search_term_string}"},"query-input":{"@type":"PropertyValueSpecification","valueRequired":true,"valueName":"search_term_string"}}],"inLanguage":"de"},{"@type":"Person","@id":"https:\/\/marionwuethrich.ch\/#\/schema\/person\/b335835b6214c14759c4071e6fa28ed9","name":"Marion","image":{"@type":"ImageObject","inLanguage":"de","@id":"https:\/\/secure.gravatar.com\/avatar\/0c0461f1098d3f30d130c69d47867e4a7268f4dc83eef764bc035960af18d47f?s=96&d=mm&r=g","url":"https:\/\/secure.gravatar.com\/avatar\/0c0461f1098d3f30d130c69d47867e4a7268f4dc83eef764bc035960af18d47f?s=96&d=mm&r=g","contentUrl":"https:\/\/secure.gravatar.com\/avatar\/0c0461f1098d3f30d130c69d47867e4a7268f4dc83eef764bc035960af18d47f?s=96&d=mm&r=g","caption":"Marion"},"sameAs":["https:\/\/marionwuethrich.ch"],"url":"https:\/\/marionwuethrich.ch\/index.php\/author\/marionwuethrich\/"}]}},"_links":{"self":[{"href":"https:\/\/marionwuethrich.ch\/index.php\/wp-json\/wp\/v2\/posts\/3183","targetHints":{"allow":["GET"]}}],"collection":[{"href":"https:\/\/marionwuethrich.ch\/index.php\/wp-json\/wp\/v2\/posts"}],"about":[{"href":"https:\/\/marionwuethrich.ch\/index.php\/wp-json\/wp\/v2\/types\/post"}],"author":[{"embeddable":true,"href":"https:\/\/marionwuethrich.ch\/index.php\/wp-json\/wp\/v2\/users\/3"}],"replies":[{"embeddable":true,"href":"https:\/\/marionwuethrich.ch\/index.php\/wp-json\/wp\/v2\/comments?post=3183"}],"version-history":[{"count":4,"href":"https:\/\/marionwuethrich.ch\/index.php\/wp-json\/wp\/v2\/posts\/3183\/revisions"}],"predecessor-version":[{"id":3189,"href":"https:\/\/marionwuethrich.ch\/index.php\/wp-json\/wp\/v2\/posts\/3183\/revisions\/3189"}],"wp:attachment":[{"href":"https:\/\/marionwuethrich.ch\/index.php\/wp-json\/wp\/v2\/media?parent=3183"}],"wp:term":[{"taxonomy":"category","embeddable":true,"href":"https:\/\/marionwuethrich.ch\/index.php\/wp-json\/wp\/v2\/categories?post=3183"},{"taxonomy":"post_tag","embeddable":true,"href":"https:\/\/marionwuethrich.ch\/index.php\/wp-json\/wp\/v2\/tags?post=3183"}],"curies":[{"name":"wp","href":"https:\/\/api.w.org\/{rel}","templated":true}]}}