{"id":3157,"date":"2025-08-26T13:02:48","date_gmt":"2025-08-26T13:02:48","guid":{"rendered":"https:\/\/marionwuethrich.ch\/?p=3157"},"modified":"2025-08-26T13:11:57","modified_gmt":"2025-08-26T13:11:57","slug":"burundi-inganzamarimbo","status":"publish","type":"post","link":"https:\/\/marionwuethrich.ch\/index.php\/2025\/08\/26\/burundi-inganzamarimbo\/","title":{"rendered":"BURUNDI \u2013 INGANZAMARIMBO"},"content":{"rendered":"<h3 data-start=\"124\" data-end=\"149\">\ud83c\udde9\ud83c\uddea <strong data-start=\"121\" data-end=\"149\">BURUNDI \u2013 INGANZAMARIMBO<\/strong><\/h3>\n<p data-start=\"121\" data-end=\"310\">Aus dem Herzen Burundis bringt <strong data-start=\"183\" data-end=\"201\">Inganzamarimbo<\/strong> die B\u00fchne zum Beben \u2013 mit kraftvollen Trommeln, mitrei\u00dfendem Tanz, Akrobatik und tief verwurzeltem Gesang.<\/p>\n<p data-start=\"312\" data-end=\"487\">Die Gruppe wurde 2018 von gefl\u00fcchteten K\u00fcnstlern in der Schweiz gegr\u00fcndet und begeistert seither international mit ihrer energiegeladenen Hommage an burundische Traditionen.<\/p>\n<p data-start=\"489\" data-end=\"688\">Ihre Performance vereint jahrhundertealte Rituale \u2013 einst nur bei k\u00f6niglichen Zeremonien wie Kr\u00f6nungen und Beerdigungen zu erleben \u2013 zu einem Fest der Gemeinschaft, Kraft und kulturellen Identit\u00e4t.<\/p>\n<p data-start=\"690\" data-end=\"843\">Die heiligen Trommeln, teils \u00fcber 100\u202fkg schwer, stehen f\u00fcr Fruchtbarkeit und Erneuerung \u2013 jeder Schlag erz\u00e4hlt von Stolz, Geschichte und Lebensfreude.<\/p>\n<p data-start=\"845\" data-end=\"910\"><strong data-start=\"845\" data-end=\"910\">Inganzamarimbo \u2013 der Herzschlag Burundis, live auf der B\u00fchne.<\/strong><\/p>\n<p data-start=\"432\" data-end=\"509\">Herzlichen Dank, dass ich die Gelegenheit hatte, zu fotografieren. Ich w\u00fcnsche euch von Herzen viel Erfolg und alles Gute f\u00fcr die Zukunft!<\/p>\n<hr data-start=\"511\" data-end=\"514\" \/>\n<h3 data-start=\"516\" data-end=\"541\">\ud83c\uddec\ud83c\udde7 <strong data-start=\"171\" data-end=\"199\">BURUNDI \u2013 INGANZAMARIMBO<\/strong><\/h3>\n<p data-start=\"171\" data-end=\"599\">From the heart of Burundi, <strong data-start=\"229\" data-end=\"247\">Inganzamarimbo<\/strong> bursts onto the stage with ancient drum rhythms, vibrant dance, acrobatic flair, and soulful song. This dynamic troupe, born of refugee artists who sought refuge in Switzerland in 2018, has since blossomed into an internationally acclaimed ensemble, captivating audiences in Poland, Belgium, Portugal, and beyond.<\/p>\n<p data-start=\"601\" data-end=\"886\">Their performances breathe life into centuries-old traditions\u2014once reserved for royal ceremonies like coronations, births, and funerals\u2014by weaving together drums, movement, and storytelling in a celebration of unity, culture, and human connection.<\/p>\n<p data-start=\"888\" data-end=\"1249\">The drums themselves are sacred symbols of fertility and regeneration\u2014hand-crafted from select trees, covered with cowhide, sun-dried, and weighing up to 100\u202fkg. The drummers perform with these heavy instruments balanced on their heads or placed firmly on the ground, making each beat a testament to strength and tradition.<\/p>\n<p data-start=\"1251\" data-end=\"1381\"><strong data-start=\"1251\" data-end=\"1381\">Feel the pulse of tradition, the rhythm of resilience, and the heartbeat of Burundi\u2014brought vividly to life by Inganzamarimbo.<\/strong><\/p>\n<p data-start=\"778\" data-end=\"849\">Thank you so much for giving me the opportunity to photograph. I sincerely wish you all the best and much success for the future!<\/p>\n<p data-start=\"717\" data-end=\"747\">Gallery not found.<\/p>\n<p data-start=\"729\" data-end=\"773\">\n<p data-start=\"717\" data-end=\"747\">Galerie nicht gefunden.<\/p>\n","protected":false},"excerpt":{"rendered":"<p>\ud83c\udde9\ud83c\uddea BURUNDI \u2013 INGANZAMARIMBO Aus dem Herzen Burundis bringt Inganzamarimbo die B\u00fchne zum Beben \u2013 mit kraftvollen Trommeln, mitrei\u00dfendem Tanz, Akrobatik und tief verwurzeltem Gesang. Die Gruppe wurde 2018 von gefl\u00fcchteten K\u00fcnstlern in der Schweiz gegr\u00fcndet und begeistert seither international mit ihrer energiegeladenen Hommage an burundische Traditionen. Ihre Performance vereint jahrhundertealte Rituale \u2013 einst nur [&hellip;]<\/p>\n","protected":false},"author":3,"featured_media":0,"comment_status":"open","ping_status":"closed","sticky":false,"template":"","format":"standard","meta":{"_et_pb_use_builder":"","_et_pb_old_content":"","_et_gb_content_width":"","footnotes":""},"categories":[38],"tags":[],"class_list":["post-3157","post","type-post","status-publish","format-standard","hentry","category-festivals"],"yoast_head":"<!-- This site is optimized with the Yoast SEO plugin v27.5 - https:\/\/yoast.com\/product\/yoast-seo-wordpress\/ -->\n<title>BURUNDI \u2013 INGANZAMARIMBO - Marion W\u00fcthrich - Fotografie und mehr..<\/title>\n<meta name=\"description\" content=\"Die Gruppe Te Wharekura o Ruatoki aus Aotearoa nahm am diesj\u00e4hrigen RFI in Fribourg teil \u2013 bekannt als die \u201eKinder des Nebels\u201c aus dem Stamm der T\u016bhoe.\" \/>\n<meta name=\"robots\" content=\"index, follow, max-snippet:-1, max-image-preview:large, max-video-preview:-1\" \/>\n<link rel=\"canonical\" href=\"https:\/\/marionwuethrich.ch\/index.php\/2025\/08\/26\/burundi-inganzamarimbo\/\" \/>\n<meta property=\"og:locale\" content=\"de_DE\" \/>\n<meta property=\"og:type\" content=\"article\" \/>\n<meta property=\"og:title\" content=\"BURUNDI \u2013 INGANZAMARIMBO - Marion W\u00fcthrich - Fotografie und mehr..\" \/>\n<meta property=\"og:description\" content=\"Die Gruppe Te Wharekura o Ruatoki aus Aotearoa nahm am diesj\u00e4hrigen RFI in Fribourg teil \u2013 bekannt als die \u201eKinder des Nebels\u201c aus dem Stamm der T\u016bhoe.\" \/>\n<meta property=\"og:url\" content=\"https:\/\/marionwuethrich.ch\/index.php\/2025\/08\/26\/burundi-inganzamarimbo\/\" \/>\n<meta property=\"og:site_name\" content=\"Marion W\u00fcthrich - Fotografie und mehr..\" \/>\n<meta property=\"article:published_time\" content=\"2025-08-26T13:02:48+00:00\" \/>\n<meta property=\"article:modified_time\" content=\"2025-08-26T13:11:57+00:00\" \/>\n<meta name=\"author\" content=\"Marion\" \/>\n<meta name=\"twitter:card\" content=\"summary_large_image\" \/>\n<meta name=\"twitter:label1\" content=\"Verfasst von\" \/>\n\t<meta name=\"twitter:data1\" content=\"Marion\" \/>\n\t<meta name=\"twitter:label2\" content=\"Gesch\u00e4tzte Lesezeit\" \/>\n\t<meta name=\"twitter:data2\" content=\"4\u00a0Minuten\" \/>\n<script type=\"application\/ld+json\" class=\"yoast-schema-graph\">{\"@context\":\"https:\\\/\\\/schema.org\",\"@graph\":[{\"@type\":\"Article\",\"@id\":\"https:\\\/\\\/marionwuethrich.ch\\\/index.php\\\/2025\\\/08\\\/26\\\/burundi-inganzamarimbo\\\/#article\",\"isPartOf\":{\"@id\":\"https:\\\/\\\/marionwuethrich.ch\\\/index.php\\\/2025\\\/08\\\/26\\\/burundi-inganzamarimbo\\\/\"},\"author\":{\"name\":\"Marion\",\"@id\":\"https:\\\/\\\/marionwuethrich.ch\\\/#\\\/schema\\\/person\\\/b335835b6214c14759c4071e6fa28ed9\"},\"headline\":\"BURUNDI \u2013 INGANZAMARIMBO\",\"datePublished\":\"2025-08-26T13:02:48+00:00\",\"dateModified\":\"2025-08-26T13:11:57+00:00\",\"mainEntityOfPage\":{\"@id\":\"https:\\\/\\\/marionwuethrich.ch\\\/index.php\\\/2025\\\/08\\\/26\\\/burundi-inganzamarimbo\\\/\"},\"wordCount\":316,\"commentCount\":0,\"articleSection\":[\"FESTIVALS\"],\"inLanguage\":\"de\",\"potentialAction\":[{\"@type\":\"CommentAction\",\"name\":\"Comment\",\"target\":[\"https:\\\/\\\/marionwuethrich.ch\\\/index.php\\\/2025\\\/08\\\/26\\\/burundi-inganzamarimbo\\\/#respond\"]}]},{\"@type\":\"WebPage\",\"@id\":\"https:\\\/\\\/marionwuethrich.ch\\\/index.php\\\/2025\\\/08\\\/26\\\/burundi-inganzamarimbo\\\/\",\"url\":\"https:\\\/\\\/marionwuethrich.ch\\\/index.php\\\/2025\\\/08\\\/26\\\/burundi-inganzamarimbo\\\/\",\"name\":\"BURUNDI \u2013 INGANZAMARIMBO - Marion W\u00fcthrich - Fotografie und mehr..\",\"isPartOf\":{\"@id\":\"https:\\\/\\\/marionwuethrich.ch\\\/#website\"},\"datePublished\":\"2025-08-26T13:02:48+00:00\",\"dateModified\":\"2025-08-26T13:11:57+00:00\",\"author\":{\"@id\":\"https:\\\/\\\/marionwuethrich.ch\\\/#\\\/schema\\\/person\\\/b335835b6214c14759c4071e6fa28ed9\"},\"description\":\"Die Gruppe Te Wharekura o Ruatoki aus Aotearoa nahm am diesj\u00e4hrigen RFI in Fribourg teil \u2013 bekannt als die \u201eKinder des Nebels\u201c aus dem Stamm der T\u016bhoe.\",\"breadcrumb\":{\"@id\":\"https:\\\/\\\/marionwuethrich.ch\\\/index.php\\\/2025\\\/08\\\/26\\\/burundi-inganzamarimbo\\\/#breadcrumb\"},\"inLanguage\":\"de\",\"potentialAction\":[{\"@type\":\"ReadAction\",\"target\":[\"https:\\\/\\\/marionwuethrich.ch\\\/index.php\\\/2025\\\/08\\\/26\\\/burundi-inganzamarimbo\\\/\"]}]},{\"@type\":\"BreadcrumbList\",\"@id\":\"https:\\\/\\\/marionwuethrich.ch\\\/index.php\\\/2025\\\/08\\\/26\\\/burundi-inganzamarimbo\\\/#breadcrumb\",\"itemListElement\":[{\"@type\":\"ListItem\",\"position\":1,\"name\":\"Startseite\",\"item\":\"https:\\\/\\\/marionwuethrich.ch\\\/\"},{\"@type\":\"ListItem\",\"position\":2,\"name\":\"BURUNDI \u2013 INGANZAMARIMBO\"}]},{\"@type\":\"WebSite\",\"@id\":\"https:\\\/\\\/marionwuethrich.ch\\\/#website\",\"url\":\"https:\\\/\\\/marionwuethrich.ch\\\/\",\"name\":\"Marion W\u00fcthrich - Fotografie und mehr..\",\"description\":\"Fotografie\",\"potentialAction\":[{\"@type\":\"SearchAction\",\"target\":{\"@type\":\"EntryPoint\",\"urlTemplate\":\"https:\\\/\\\/marionwuethrich.ch\\\/?s={search_term_string}\"},\"query-input\":{\"@type\":\"PropertyValueSpecification\",\"valueRequired\":true,\"valueName\":\"search_term_string\"}}],\"inLanguage\":\"de\"},{\"@type\":\"Person\",\"@id\":\"https:\\\/\\\/marionwuethrich.ch\\\/#\\\/schema\\\/person\\\/b335835b6214c14759c4071e6fa28ed9\",\"name\":\"Marion\",\"image\":{\"@type\":\"ImageObject\",\"inLanguage\":\"de\",\"@id\":\"https:\\\/\\\/secure.gravatar.com\\\/avatar\\\/0c0461f1098d3f30d130c69d47867e4a7268f4dc83eef764bc035960af18d47f?s=96&d=mm&r=g\",\"url\":\"https:\\\/\\\/secure.gravatar.com\\\/avatar\\\/0c0461f1098d3f30d130c69d47867e4a7268f4dc83eef764bc035960af18d47f?s=96&d=mm&r=g\",\"contentUrl\":\"https:\\\/\\\/secure.gravatar.com\\\/avatar\\\/0c0461f1098d3f30d130c69d47867e4a7268f4dc83eef764bc035960af18d47f?s=96&d=mm&r=g\",\"caption\":\"Marion\"},\"sameAs\":[\"https:\\\/\\\/marionwuethrich.ch\"],\"url\":\"https:\\\/\\\/marionwuethrich.ch\\\/index.php\\\/author\\\/marionwuethrich\\\/\"}]}<\/script>\n<!-- \/ Yoast SEO plugin. -->","yoast_head_json":{"title":"BURUNDI \u2013 INGANZAMARIMBO - Marion W\u00fcthrich - Fotografie und mehr..","description":"Die Gruppe Te Wharekura o Ruatoki aus Aotearoa nahm am diesj\u00e4hrigen RFI in Fribourg teil \u2013 bekannt als die \u201eKinder des Nebels\u201c aus dem Stamm der T\u016bhoe.","robots":{"index":"index","follow":"follow","max-snippet":"max-snippet:-1","max-image-preview":"max-image-preview:large","max-video-preview":"max-video-preview:-1"},"canonical":"https:\/\/marionwuethrich.ch\/index.php\/2025\/08\/26\/burundi-inganzamarimbo\/","og_locale":"de_DE","og_type":"article","og_title":"BURUNDI \u2013 INGANZAMARIMBO - Marion W\u00fcthrich - Fotografie und mehr..","og_description":"Die Gruppe Te Wharekura o Ruatoki aus Aotearoa nahm am diesj\u00e4hrigen RFI in Fribourg teil \u2013 bekannt als die \u201eKinder des Nebels\u201c aus dem Stamm der T\u016bhoe.","og_url":"https:\/\/marionwuethrich.ch\/index.php\/2025\/08\/26\/burundi-inganzamarimbo\/","og_site_name":"Marion W\u00fcthrich - Fotografie und mehr..","article_published_time":"2025-08-26T13:02:48+00:00","article_modified_time":"2025-08-26T13:11:57+00:00","author":"Marion","twitter_card":"summary_large_image","twitter_misc":{"Verfasst von":"Marion","Gesch\u00e4tzte Lesezeit":"4\u00a0Minuten"},"schema":{"@context":"https:\/\/schema.org","@graph":[{"@type":"Article","@id":"https:\/\/marionwuethrich.ch\/index.php\/2025\/08\/26\/burundi-inganzamarimbo\/#article","isPartOf":{"@id":"https:\/\/marionwuethrich.ch\/index.php\/2025\/08\/26\/burundi-inganzamarimbo\/"},"author":{"name":"Marion","@id":"https:\/\/marionwuethrich.ch\/#\/schema\/person\/b335835b6214c14759c4071e6fa28ed9"},"headline":"BURUNDI \u2013 INGANZAMARIMBO","datePublished":"2025-08-26T13:02:48+00:00","dateModified":"2025-08-26T13:11:57+00:00","mainEntityOfPage":{"@id":"https:\/\/marionwuethrich.ch\/index.php\/2025\/08\/26\/burundi-inganzamarimbo\/"},"wordCount":316,"commentCount":0,"articleSection":["FESTIVALS"],"inLanguage":"de","potentialAction":[{"@type":"CommentAction","name":"Comment","target":["https:\/\/marionwuethrich.ch\/index.php\/2025\/08\/26\/burundi-inganzamarimbo\/#respond"]}]},{"@type":"WebPage","@id":"https:\/\/marionwuethrich.ch\/index.php\/2025\/08\/26\/burundi-inganzamarimbo\/","url":"https:\/\/marionwuethrich.ch\/index.php\/2025\/08\/26\/burundi-inganzamarimbo\/","name":"BURUNDI \u2013 INGANZAMARIMBO - Marion W\u00fcthrich - Fotografie und mehr..","isPartOf":{"@id":"https:\/\/marionwuethrich.ch\/#website"},"datePublished":"2025-08-26T13:02:48+00:00","dateModified":"2025-08-26T13:11:57+00:00","author":{"@id":"https:\/\/marionwuethrich.ch\/#\/schema\/person\/b335835b6214c14759c4071e6fa28ed9"},"description":"Die Gruppe Te Wharekura o Ruatoki aus Aotearoa nahm am diesj\u00e4hrigen RFI in Fribourg teil \u2013 bekannt als die \u201eKinder des Nebels\u201c aus dem Stamm der T\u016bhoe.","breadcrumb":{"@id":"https:\/\/marionwuethrich.ch\/index.php\/2025\/08\/26\/burundi-inganzamarimbo\/#breadcrumb"},"inLanguage":"de","potentialAction":[{"@type":"ReadAction","target":["https:\/\/marionwuethrich.ch\/index.php\/2025\/08\/26\/burundi-inganzamarimbo\/"]}]},{"@type":"BreadcrumbList","@id":"https:\/\/marionwuethrich.ch\/index.php\/2025\/08\/26\/burundi-inganzamarimbo\/#breadcrumb","itemListElement":[{"@type":"ListItem","position":1,"name":"Startseite","item":"https:\/\/marionwuethrich.ch\/"},{"@type":"ListItem","position":2,"name":"BURUNDI \u2013 INGANZAMARIMBO"}]},{"@type":"WebSite","@id":"https:\/\/marionwuethrich.ch\/#website","url":"https:\/\/marionwuethrich.ch\/","name":"Marion W\u00fcthrich - Fotografie und mehr..","description":"Fotografie","potentialAction":[{"@type":"SearchAction","target":{"@type":"EntryPoint","urlTemplate":"https:\/\/marionwuethrich.ch\/?s={search_term_string}"},"query-input":{"@type":"PropertyValueSpecification","valueRequired":true,"valueName":"search_term_string"}}],"inLanguage":"de"},{"@type":"Person","@id":"https:\/\/marionwuethrich.ch\/#\/schema\/person\/b335835b6214c14759c4071e6fa28ed9","name":"Marion","image":{"@type":"ImageObject","inLanguage":"de","@id":"https:\/\/secure.gravatar.com\/avatar\/0c0461f1098d3f30d130c69d47867e4a7268f4dc83eef764bc035960af18d47f?s=96&d=mm&r=g","url":"https:\/\/secure.gravatar.com\/avatar\/0c0461f1098d3f30d130c69d47867e4a7268f4dc83eef764bc035960af18d47f?s=96&d=mm&r=g","contentUrl":"https:\/\/secure.gravatar.com\/avatar\/0c0461f1098d3f30d130c69d47867e4a7268f4dc83eef764bc035960af18d47f?s=96&d=mm&r=g","caption":"Marion"},"sameAs":["https:\/\/marionwuethrich.ch"],"url":"https:\/\/marionwuethrich.ch\/index.php\/author\/marionwuethrich\/"}]}},"_links":{"self":[{"href":"https:\/\/marionwuethrich.ch\/index.php\/wp-json\/wp\/v2\/posts\/3157","targetHints":{"allow":["GET"]}}],"collection":[{"href":"https:\/\/marionwuethrich.ch\/index.php\/wp-json\/wp\/v2\/posts"}],"about":[{"href":"https:\/\/marionwuethrich.ch\/index.php\/wp-json\/wp\/v2\/types\/post"}],"author":[{"embeddable":true,"href":"https:\/\/marionwuethrich.ch\/index.php\/wp-json\/wp\/v2\/users\/3"}],"replies":[{"embeddable":true,"href":"https:\/\/marionwuethrich.ch\/index.php\/wp-json\/wp\/v2\/comments?post=3157"}],"version-history":[{"count":5,"href":"https:\/\/marionwuethrich.ch\/index.php\/wp-json\/wp\/v2\/posts\/3157\/revisions"}],"predecessor-version":[{"id":3169,"href":"https:\/\/marionwuethrich.ch\/index.php\/wp-json\/wp\/v2\/posts\/3157\/revisions\/3169"}],"wp:attachment":[{"href":"https:\/\/marionwuethrich.ch\/index.php\/wp-json\/wp\/v2\/media?parent=3157"}],"wp:term":[{"taxonomy":"category","embeddable":true,"href":"https:\/\/marionwuethrich.ch\/index.php\/wp-json\/wp\/v2\/categories?post=3157"},{"taxonomy":"post_tag","embeddable":true,"href":"https:\/\/marionwuethrich.ch\/index.php\/wp-json\/wp\/v2\/tags?post=3157"}],"curies":[{"name":"wp","href":"https:\/\/api.w.org\/{rel}","templated":true}]}}