{"id":2345,"date":"2023-10-12T14:17:29","date_gmt":"2023-10-12T14:17:29","guid":{"rendered":"https:\/\/marionwuethrich.ch\/?p=2345"},"modified":"2025-04-18T20:49:55","modified_gmt":"2025-04-18T20:49:55","slug":"2023-lissabon-blogbe","status":"publish","type":"post","link":"https:\/\/marionwuethrich.ch\/index.php\/2023\/10\/12\/2023-lissabon-blogbe\/","title":{"rendered":"2023 LISSABON"},"content":{"rendered":"<p>[et_pb_section fb_built=&#8220;1&#8243; admin_label=&#8220;section&#8220; _builder_version=&#8220;4.27.4&#8243; global_colors_info=&#8220;{}&#8220;][et_pb_row admin_label=&#8220;row&#8220; _builder_version=&#8220;4.27.4&#8243; background_color=&#8220;#D9CFB8&#8243; background_size=&#8220;initial&#8220; background_position=&#8220;top_left&#8220; background_repeat=&#8220;repeat&#8220; global_colors_info=&#8220;{}&#8220;][et_pb_column type=&#8220;4_4&#8243; _builder_version=&#8220;4.16&#8243; custom_padding=&#8220;|||&#8220; global_colors_info=&#8220;{}&#8220; custom_padding__hover=&#8220;|||&#8220;][et_pb_text _builder_version=&#8220;4.27.4&#8243; _module_preset=&#8220;default&#8220; background_color=&#8220;#D9CFB8&#8243; global_colors_info=&#8220;{}&#8220;]<\/p>\n<h1>7. &#8211; 12.10.2023 Fotoreise nach Lissabon<\/h1>\n<p>Lissabon, die strahlende Hauptstadt Portugals, verzaubert mit einem besonderen Charme, der aus der harmonischen Verbindung von traditioneller Architektur und modernem Leben entsteht; hier schlendern die Menschen durch schmale, mit bunten Kacheln geschm\u00fcckte Gassen, w\u00e4hrend die warmen Kl\u00e4nge des Fado die Luft erf\u00fcllen, und das L\u00e4cheln der Einheimischen spiegelt die herzliche Gastfreundschaft wider, die Besucher aus aller Welt anzieht, die sich in den Orten wie dem historischen Alfama oder den lebhaften M\u00e4rkten von Bairro Alto verlieren.<\/p>\n<h1>Das Fotografieren mit Pavel und Miho<\/h1>\n<p>Die Teilnahme am Fotokurs bei Pavel Kaplun und Miho war f\u00fcr mich erneut ein unvergessliches Erlebnis voller Inspiration und Kreativit\u00e4t. Die Gruppe war bunt gemischt, und trotz unserer unterschiedlichen Hintergr\u00fcnde entstand sofort eine herzliche Atmosph\u00e4re, in der wir gemeinsam lachen und lernen konnten. Die beiden Dozenten brachten uns nicht nur technisches Know-how n\u00e4her, sondern auch eine neue Sichtweise auf das Fotografieren und die Sch\u00f6nheit Lissabons. Dank ihrer leidenschaftlichen Anleitung konnte ich meine F\u00e4higkeiten erheblich verbessern und habe so viel Freude an der Fotografie gewonnen. Ich kann es kaum erwarten, beim n\u00e4chsten Mal wieder dabei zu sein und meine Erlebnisse mit gleichgesinnten Fotografie-Enthusiasten zu teilen.<\/p>\n<p>&nbsp;<\/p>\n<p>[\/et_pb_text][modula_gallery _builder_version=&#8220;4.27.4&#8243; _module_preset=&#8220;default&#8220; global_colors_info=&#8220;{}&#8220;][\/modula_gallery][\/et_pb_column][\/et_pb_row][\/et_pb_section]<\/p>\n","protected":false},"excerpt":{"rendered":"<p>7. &#8211; 12.10.2023 Fotoreise nach Lissabon Lissabon, die strahlende Hauptstadt Portugals, verzaubert mit einem besonderen Charme, der aus der harmonischen Verbindung von traditioneller Architektur und modernem Leben entsteht; hier schlendern die Menschen durch schmale, mit bunten Kacheln geschm\u00fcckte Gassen, w\u00e4hrend die warmen Kl\u00e4nge des Fado die Luft erf\u00fcllen, und das L\u00e4cheln der Einheimischen spiegelt die [&hellip;]<\/p>\n","protected":false},"author":3,"featured_media":0,"comment_status":"open","ping_status":"closed","sticky":false,"template":"","format":"standard","meta":{"_et_pb_use_builder":"on","_et_pb_old_content":"","_et_gb_content_width":"","footnotes":""},"categories":[35,19],"tags":[],"class_list":["post-2345","post","type-post","status-publish","format-standard","hentry","category-lissabon","category-reisen"],"yoast_head":"<!-- This site is optimized with the Yoast SEO plugin v27.5 - https:\/\/yoast.com\/product\/yoast-seo-wordpress\/ -->\n<title>2023 LISSABON - Marion W\u00fcthrich - Fotografie und mehr..<\/title>\n<meta name=\"robots\" content=\"index, follow, max-snippet:-1, max-image-preview:large, max-video-preview:-1\" \/>\n<link rel=\"canonical\" href=\"https:\/\/marionwuethrich.ch\/index.php\/2023\/10\/12\/2023-lissabon-blogbe\/\" \/>\n<meta property=\"og:locale\" content=\"de_DE\" \/>\n<meta property=\"og:type\" content=\"article\" \/>\n<meta property=\"og:title\" content=\"2023 LISSABON - Marion W\u00fcthrich - Fotografie und mehr..\" \/>\n<meta property=\"og:description\" content=\"7. - 12.10.2023 Fotoreise nach Lissabon Lissabon, die strahlende Hauptstadt Portugals, verzaubert mit einem besonderen Charme, der aus der harmonischen Verbindung von traditioneller Architektur und modernem Leben entsteht; hier schlendern die Menschen durch schmale, mit bunten Kacheln geschm\u00fcckte Gassen, w\u00e4hrend die warmen Kl\u00e4nge des Fado die Luft erf\u00fcllen, und das L\u00e4cheln der Einheimischen spiegelt die [&hellip;]\" \/>\n<meta property=\"og:url\" content=\"https:\/\/marionwuethrich.ch\/index.php\/2023\/10\/12\/2023-lissabon-blogbe\/\" \/>\n<meta property=\"og:site_name\" content=\"Marion W\u00fcthrich - Fotografie und mehr..\" \/>\n<meta property=\"article:published_time\" content=\"2023-10-12T14:17:29+00:00\" \/>\n<meta property=\"article:modified_time\" content=\"2025-04-18T20:49:55+00:00\" \/>\n<meta name=\"author\" content=\"Marion\" \/>\n<meta name=\"twitter:card\" content=\"summary_large_image\" \/>\n<meta name=\"twitter:label1\" content=\"Verfasst von\" \/>\n\t<meta name=\"twitter:data1\" content=\"Marion\" \/>\n\t<meta name=\"twitter:label2\" content=\"Gesch\u00e4tzte Lesezeit\" \/>\n\t<meta name=\"twitter:data2\" content=\"2\u00a0Minuten\" \/>\n<script type=\"application\/ld+json\" class=\"yoast-schema-graph\">{\"@context\":\"https:\\\/\\\/schema.org\",\"@graph\":[{\"@type\":\"Article\",\"@id\":\"https:\\\/\\\/marionwuethrich.ch\\\/index.php\\\/2023\\\/10\\\/12\\\/2023-lissabon-blogbe\\\/#article\",\"isPartOf\":{\"@id\":\"https:\\\/\\\/marionwuethrich.ch\\\/index.php\\\/2023\\\/10\\\/12\\\/2023-lissabon-blogbe\\\/\"},\"author\":{\"name\":\"Marion\",\"@id\":\"https:\\\/\\\/marionwuethrich.ch\\\/#\\\/schema\\\/person\\\/b335835b6214c14759c4071e6fa28ed9\"},\"headline\":\"2023 LISSABON\",\"datePublished\":\"2023-10-12T14:17:29+00:00\",\"dateModified\":\"2025-04-18T20:49:55+00:00\",\"mainEntityOfPage\":{\"@id\":\"https:\\\/\\\/marionwuethrich.ch\\\/index.php\\\/2023\\\/10\\\/12\\\/2023-lissabon-blogbe\\\/\"},\"wordCount\":296,\"commentCount\":0,\"articleSection\":[\"Lissabon\",\"REISEN\"],\"inLanguage\":\"de\",\"potentialAction\":[{\"@type\":\"CommentAction\",\"name\":\"Comment\",\"target\":[\"https:\\\/\\\/marionwuethrich.ch\\\/index.php\\\/2023\\\/10\\\/12\\\/2023-lissabon-blogbe\\\/#respond\"]}]},{\"@type\":\"WebPage\",\"@id\":\"https:\\\/\\\/marionwuethrich.ch\\\/index.php\\\/2023\\\/10\\\/12\\\/2023-lissabon-blogbe\\\/\",\"url\":\"https:\\\/\\\/marionwuethrich.ch\\\/index.php\\\/2023\\\/10\\\/12\\\/2023-lissabon-blogbe\\\/\",\"name\":\"2023 LISSABON - Marion W\u00fcthrich - Fotografie und mehr..\",\"isPartOf\":{\"@id\":\"https:\\\/\\\/marionwuethrich.ch\\\/#website\"},\"datePublished\":\"2023-10-12T14:17:29+00:00\",\"dateModified\":\"2025-04-18T20:49:55+00:00\",\"author\":{\"@id\":\"https:\\\/\\\/marionwuethrich.ch\\\/#\\\/schema\\\/person\\\/b335835b6214c14759c4071e6fa28ed9\"},\"breadcrumb\":{\"@id\":\"https:\\\/\\\/marionwuethrich.ch\\\/index.php\\\/2023\\\/10\\\/12\\\/2023-lissabon-blogbe\\\/#breadcrumb\"},\"inLanguage\":\"de\",\"potentialAction\":[{\"@type\":\"ReadAction\",\"target\":[\"https:\\\/\\\/marionwuethrich.ch\\\/index.php\\\/2023\\\/10\\\/12\\\/2023-lissabon-blogbe\\\/\"]}]},{\"@type\":\"BreadcrumbList\",\"@id\":\"https:\\\/\\\/marionwuethrich.ch\\\/index.php\\\/2023\\\/10\\\/12\\\/2023-lissabon-blogbe\\\/#breadcrumb\",\"itemListElement\":[{\"@type\":\"ListItem\",\"position\":1,\"name\":\"Startseite\",\"item\":\"https:\\\/\\\/marionwuethrich.ch\\\/\"},{\"@type\":\"ListItem\",\"position\":2,\"name\":\"2023 LISSABON\"}]},{\"@type\":\"WebSite\",\"@id\":\"https:\\\/\\\/marionwuethrich.ch\\\/#website\",\"url\":\"https:\\\/\\\/marionwuethrich.ch\\\/\",\"name\":\"Marion W\u00fcthrich - Fotografie und mehr..\",\"description\":\"Fotografie\",\"potentialAction\":[{\"@type\":\"SearchAction\",\"target\":{\"@type\":\"EntryPoint\",\"urlTemplate\":\"https:\\\/\\\/marionwuethrich.ch\\\/?s={search_term_string}\"},\"query-input\":{\"@type\":\"PropertyValueSpecification\",\"valueRequired\":true,\"valueName\":\"search_term_string\"}}],\"inLanguage\":\"de\"},{\"@type\":\"Person\",\"@id\":\"https:\\\/\\\/marionwuethrich.ch\\\/#\\\/schema\\\/person\\\/b335835b6214c14759c4071e6fa28ed9\",\"name\":\"Marion\",\"image\":{\"@type\":\"ImageObject\",\"inLanguage\":\"de\",\"@id\":\"https:\\\/\\\/secure.gravatar.com\\\/avatar\\\/0c0461f1098d3f30d130c69d47867e4a7268f4dc83eef764bc035960af18d47f?s=96&d=mm&r=g\",\"url\":\"https:\\\/\\\/secure.gravatar.com\\\/avatar\\\/0c0461f1098d3f30d130c69d47867e4a7268f4dc83eef764bc035960af18d47f?s=96&d=mm&r=g\",\"contentUrl\":\"https:\\\/\\\/secure.gravatar.com\\\/avatar\\\/0c0461f1098d3f30d130c69d47867e4a7268f4dc83eef764bc035960af18d47f?s=96&d=mm&r=g\",\"caption\":\"Marion\"},\"sameAs\":[\"https:\\\/\\\/marionwuethrich.ch\"],\"url\":\"https:\\\/\\\/marionwuethrich.ch\\\/index.php\\\/author\\\/marionwuethrich\\\/\"}]}<\/script>\n<!-- \/ Yoast SEO plugin. -->","yoast_head_json":{"title":"2023 LISSABON - Marion W\u00fcthrich - Fotografie und mehr..","robots":{"index":"index","follow":"follow","max-snippet":"max-snippet:-1","max-image-preview":"max-image-preview:large","max-video-preview":"max-video-preview:-1"},"canonical":"https:\/\/marionwuethrich.ch\/index.php\/2023\/10\/12\/2023-lissabon-blogbe\/","og_locale":"de_DE","og_type":"article","og_title":"2023 LISSABON - Marion W\u00fcthrich - Fotografie und mehr..","og_description":"7. - 12.10.2023 Fotoreise nach Lissabon Lissabon, die strahlende Hauptstadt Portugals, verzaubert mit einem besonderen Charme, der aus der harmonischen Verbindung von traditioneller Architektur und modernem Leben entsteht; hier schlendern die Menschen durch schmale, mit bunten Kacheln geschm\u00fcckte Gassen, w\u00e4hrend die warmen Kl\u00e4nge des Fado die Luft erf\u00fcllen, und das L\u00e4cheln der Einheimischen spiegelt die [&hellip;]","og_url":"https:\/\/marionwuethrich.ch\/index.php\/2023\/10\/12\/2023-lissabon-blogbe\/","og_site_name":"Marion W\u00fcthrich - Fotografie und mehr..","article_published_time":"2023-10-12T14:17:29+00:00","article_modified_time":"2025-04-18T20:49:55+00:00","author":"Marion","twitter_card":"summary_large_image","twitter_misc":{"Verfasst von":"Marion","Gesch\u00e4tzte Lesezeit":"2\u00a0Minuten"},"schema":{"@context":"https:\/\/schema.org","@graph":[{"@type":"Article","@id":"https:\/\/marionwuethrich.ch\/index.php\/2023\/10\/12\/2023-lissabon-blogbe\/#article","isPartOf":{"@id":"https:\/\/marionwuethrich.ch\/index.php\/2023\/10\/12\/2023-lissabon-blogbe\/"},"author":{"name":"Marion","@id":"https:\/\/marionwuethrich.ch\/#\/schema\/person\/b335835b6214c14759c4071e6fa28ed9"},"headline":"2023 LISSABON","datePublished":"2023-10-12T14:17:29+00:00","dateModified":"2025-04-18T20:49:55+00:00","mainEntityOfPage":{"@id":"https:\/\/marionwuethrich.ch\/index.php\/2023\/10\/12\/2023-lissabon-blogbe\/"},"wordCount":296,"commentCount":0,"articleSection":["Lissabon","REISEN"],"inLanguage":"de","potentialAction":[{"@type":"CommentAction","name":"Comment","target":["https:\/\/marionwuethrich.ch\/index.php\/2023\/10\/12\/2023-lissabon-blogbe\/#respond"]}]},{"@type":"WebPage","@id":"https:\/\/marionwuethrich.ch\/index.php\/2023\/10\/12\/2023-lissabon-blogbe\/","url":"https:\/\/marionwuethrich.ch\/index.php\/2023\/10\/12\/2023-lissabon-blogbe\/","name":"2023 LISSABON - Marion W\u00fcthrich - Fotografie und mehr..","isPartOf":{"@id":"https:\/\/marionwuethrich.ch\/#website"},"datePublished":"2023-10-12T14:17:29+00:00","dateModified":"2025-04-18T20:49:55+00:00","author":{"@id":"https:\/\/marionwuethrich.ch\/#\/schema\/person\/b335835b6214c14759c4071e6fa28ed9"},"breadcrumb":{"@id":"https:\/\/marionwuethrich.ch\/index.php\/2023\/10\/12\/2023-lissabon-blogbe\/#breadcrumb"},"inLanguage":"de","potentialAction":[{"@type":"ReadAction","target":["https:\/\/marionwuethrich.ch\/index.php\/2023\/10\/12\/2023-lissabon-blogbe\/"]}]},{"@type":"BreadcrumbList","@id":"https:\/\/marionwuethrich.ch\/index.php\/2023\/10\/12\/2023-lissabon-blogbe\/#breadcrumb","itemListElement":[{"@type":"ListItem","position":1,"name":"Startseite","item":"https:\/\/marionwuethrich.ch\/"},{"@type":"ListItem","position":2,"name":"2023 LISSABON"}]},{"@type":"WebSite","@id":"https:\/\/marionwuethrich.ch\/#website","url":"https:\/\/marionwuethrich.ch\/","name":"Marion W\u00fcthrich - Fotografie und mehr..","description":"Fotografie","potentialAction":[{"@type":"SearchAction","target":{"@type":"EntryPoint","urlTemplate":"https:\/\/marionwuethrich.ch\/?s={search_term_string}"},"query-input":{"@type":"PropertyValueSpecification","valueRequired":true,"valueName":"search_term_string"}}],"inLanguage":"de"},{"@type":"Person","@id":"https:\/\/marionwuethrich.ch\/#\/schema\/person\/b335835b6214c14759c4071e6fa28ed9","name":"Marion","image":{"@type":"ImageObject","inLanguage":"de","@id":"https:\/\/secure.gravatar.com\/avatar\/0c0461f1098d3f30d130c69d47867e4a7268f4dc83eef764bc035960af18d47f?s=96&d=mm&r=g","url":"https:\/\/secure.gravatar.com\/avatar\/0c0461f1098d3f30d130c69d47867e4a7268f4dc83eef764bc035960af18d47f?s=96&d=mm&r=g","contentUrl":"https:\/\/secure.gravatar.com\/avatar\/0c0461f1098d3f30d130c69d47867e4a7268f4dc83eef764bc035960af18d47f?s=96&d=mm&r=g","caption":"Marion"},"sameAs":["https:\/\/marionwuethrich.ch"],"url":"https:\/\/marionwuethrich.ch\/index.php\/author\/marionwuethrich\/"}]}},"_links":{"self":[{"href":"https:\/\/marionwuethrich.ch\/index.php\/wp-json\/wp\/v2\/posts\/2345","targetHints":{"allow":["GET"]}}],"collection":[{"href":"https:\/\/marionwuethrich.ch\/index.php\/wp-json\/wp\/v2\/posts"}],"about":[{"href":"https:\/\/marionwuethrich.ch\/index.php\/wp-json\/wp\/v2\/types\/post"}],"author":[{"embeddable":true,"href":"https:\/\/marionwuethrich.ch\/index.php\/wp-json\/wp\/v2\/users\/3"}],"replies":[{"embeddable":true,"href":"https:\/\/marionwuethrich.ch\/index.php\/wp-json\/wp\/v2\/comments?post=2345"}],"version-history":[{"count":20,"href":"https:\/\/marionwuethrich.ch\/index.php\/wp-json\/wp\/v2\/posts\/2345\/revisions"}],"predecessor-version":[{"id":2627,"href":"https:\/\/marionwuethrich.ch\/index.php\/wp-json\/wp\/v2\/posts\/2345\/revisions\/2627"}],"wp:attachment":[{"href":"https:\/\/marionwuethrich.ch\/index.php\/wp-json\/wp\/v2\/media?parent=2345"}],"wp:term":[{"taxonomy":"category","embeddable":true,"href":"https:\/\/marionwuethrich.ch\/index.php\/wp-json\/wp\/v2\/categories?post=2345"},{"taxonomy":"post_tag","embeddable":true,"href":"https:\/\/marionwuethrich.ch\/index.php\/wp-json\/wp\/v2\/tags?post=2345"}],"curies":[{"name":"wp","href":"https:\/\/api.w.org\/{rel}","templated":true}]}}