{"id":2315,"date":"2023-11-02T13:54:21","date_gmt":"2023-11-02T13:54:21","guid":{"rendered":"https:\/\/marionwuethrich.ch\/?p=2315"},"modified":"2025-08-25T03:27:07","modified_gmt":"2025-08-25T03:27:07","slug":"norwegen","status":"publish","type":"post","link":"https:\/\/marionwuethrich.ch\/index.php\/2023\/11\/02\/norwegen\/","title":{"rendered":"2023 NORWEGEN"},"content":{"rendered":"<p>[et_pb_section fb_built=&#8220;1&#8243; admin_label=&#8220;section&#8220; _builder_version=&#8220;4.16&#8243; global_colors_info=&#8220;{}&#8220;][et_pb_row admin_label=&#8220;row&#8220; _builder_version=&#8220;4.16&#8243; background_size=&#8220;initial&#8220; background_position=&#8220;top_left&#8220; background_repeat=&#8220;repeat&#8220; global_colors_info=&#8220;{}&#8220;][et_pb_column type=&#8220;4_4&#8243; _builder_version=&#8220;4.16&#8243; custom_padding=&#8220;|||&#8220; global_colors_info=&#8220;{}&#8220; custom_padding__hover=&#8220;|||&#8220;][et_pb_text _builder_version=&#8220;4.27.4&#8243; _module_preset=&#8220;default&#8220; global_colors_info=&#8220;{}&#8220;]<\/p>\n<h1>Reise mit der Polaris der Reederei Havila \u2013 meine unvergesslichen Tage<\/h1>\n<p>&nbsp;<\/p>\n<h2>22.10.2023 \u2013 02.11.2023<\/h2>\n<p>&nbsp;<\/p>\n<p>Meine Sehnsucht nach dem Norden wuchs \u00fcber viele Jahre hinweg. Endlich war es soweit. Vom 22. Oktober bis zum 2. November 2023 erlebte ich die sch\u00f6nste Zeit meines Lebens an Bord der Polaris von Havila. Seither vermisse ich jede einzelne Erfahrung und jeden Anblick, den ich dort genie\u00dfen durfte. Kein Tag vergeht, an dem ich nicht an diese wundervolle Reise zur\u00fcckdenke. Die majest\u00e4tischen Fjorde, die unber\u00fchrte Natur und die herzliche Gastfreundschaft der Norweger haben mein Herz im Sturm erobert. Jeder Tag war ein neues Abenteuer, sei es beim Erkunden der malerischen K\u00fcstenst\u00e4dte oder beim Eintauchen in die atemberaubende Landschaft. Ich kann es kaum erwarten, meine Erlebnisse und Fotografien mit euch zu teilen und euch in die faszinierende Sch\u00f6nheit Norwegens mitzunehmen. Die Erinnerungen an die glitzernden Wasseroberfl\u00e4chen und die schneebedeckten Gipfel sind tief in meinem Herzen verankert. Diese Reise hat nicht nur meine Leidenschaft f\u00fcr die Fotografie neu entfacht, sondern auch meine Sehnsucht nach den unber\u00fchrten Orten dieser Welt gest\u00e4rkt. Norwegen, du hast einen bleibenden Eindruck hinterlassen und ich werde immer wieder an dich zur\u00fcckdenken.<\/p>\n<p>[\/et_pb_text][et_pb_text admin_label=&#8220;Text auf Schwedisch&#8220; _builder_version=&#8220;4.27.4&#8243; _module_preset=&#8220;default&#8220; background_color=&#8220;#D9CFB8&#8243; global_colors_info=&#8220;{}&#8220;]<\/p>\n<p><strong>Deutsch <\/strong>Zwischen dem 22. Oktober 2023 und dem 2. Oktober 2023 durfte ich die bisher sch\u00f6nste Zeit meines Lebens auf der Polaris von Havila verbringen. Seither vermisse ich buchst\u00e4blich alles was ich dort erleben und sehen durfte. Es vergeht kein Tag, an dem ich nicht an diese Reise zur\u00fcck denke.<\/p>\n<p><strong>Schwedisch \/ Svenska<\/strong>Mellan 22 oktober 2023 och 2 oktober 2023 kunde jag tillbringa den b\u00e4sta tiden i mitt liv hittills p\u00e5 Polaris fr\u00e5n Havila. Sedan dess har jag saknat bokstavligen allt jag kunde uppleva och se d\u00e4r. Det g\u00e5r inte en dag utan att jag t\u00e4nker tillbaka p\u00e5 den h\u00e4r resan.<\/p>\n<p><strong>Norwegisch \/ Norsk <\/strong><span class=\"Y2IQFc\" lang=\"no\">Mellom 22. oktober 2023 og 2. oktober 2023 kunne jeg tilbringe den beste tiden i livet mitt s\u00e5 langt p\u00e5 Polaris fra Havila. <\/span><span class=\"Y2IQFc\" lang=\"no\">Siden den gang har jeg savnet bokstavelig talt alt jeg kunne oppleve og se der. Det g\u00e5r ikke en dag uten at jeg tenker tilbake p\u00e5 denne turen.<\/span><\/p>\n<p>[\/et_pb_text][et_pb_text admin_label=&#8220;Link auf Galerie&#8220; _builder_version=&#8220;4.27.4&#8243; _module_preset=&#8220;default&#8220; global_colors_info=&#8220;{}&#8220;]<\/p>\n<div  id=\"jtg-450\" class=\"modula modula-gallery modula-creative-gallery\" data-config=\"{&quot;height&quot;:800,&quot;tabletHeight&quot;:800,&quot;mobileHeight&quot;:800,&quot;desktopHeight&quot;:800,&quot;enableTwitter&quot;:false,&quot;enableWhatsapp&quot;:false,&quot;enableFacebook&quot;:false,&quot;enablePinterest&quot;:false,&quot;enableLinkedin&quot;:false,&quot;enableEmail&quot;:false,&quot;randomFactor&quot;:0.5,&quot;type&quot;:&quot;creative-gallery&quot;,&quot;columns&quot;:12,&quot;gutter&quot;:5,&quot;mobileGutter&quot;:5,&quot;tabletGutter&quot;:5,&quot;desktopGutter&quot;:5,&quot;enableResponsive&quot;:&quot;0&quot;,&quot;tabletColumns&quot;:2,&quot;mobileColumns&quot;:1,&quot;lazyLoad&quot;:0,&quot;lightboxOpts&quot;:{&quot;animated&quot;:true,&quot;Thumbs&quot;:{&quot;type&quot;:&quot;modern&quot;,&quot;showOnStart&quot;:false},&quot;Toolbar&quot;:{&quot;display&quot;:{&quot;right&quot;:[&quot;close&quot;]},&quot;enabled&quot;:true},&quot;Carousel&quot;:{&quot;Panzoom&quot;:{&quot;touch&quot;:true},&quot;infinite&quot;:false},&quot;keyboard&quot;:{&quot;Escape&quot;:&quot;close&quot;,&quot;Delete&quot;:&quot;close&quot;,&quot;Backspace&quot;:&quot;close&quot;,&quot;PageUp&quot;:false,&quot;PageDown&quot;:false,&quot;ArrowUp&quot;:false,&quot;ArrowDown&quot;:false,&quot;ArrowRight&quot;:false,&quot;ArrowLeft&quot;:false},&quot;touch&quot;:false,&quot;backdropClick&quot;:false,&quot;l10n&quot;:{&quot;CLOSE&quot;:&quot;Schlie\\u00dfen&quot;,&quot;NEXT&quot;:&quot;Weiter&quot;,&quot;PREV&quot;:&quot;Zur\\u00fcck&quot;,&quot;Error&quot;:&quot;Der angeforderte Inhalt kann nicht geladen werden. Bitte versuche es sp\\u00e4ter noch einmal.&quot;,&quot;PLAY_START&quot;:&quot;Slideshow starten&quot;,&quot;PLAY_STOP&quot;:&quot;Slideshow anhalten&quot;,&quot;FULL_SCREEN&quot;:&quot;Vollbild&quot;,&quot;THUMBS&quot;:&quot;Vorschaubilder&quot;,&quot;DOWNLOAD&quot;:&quot;Download&quot;,&quot;SHARE&quot;:&quot;Teilen&quot;,&quot;ZOOM&quot;:&quot;Vergr\\u00f6\\u00dfern&quot;,&quot;EMAIL&quot;:&quot;Hier ist der Link zum Bild: %%image_link%% und hier ist der Link zur Galerie: %%gallery_link%%&quot;,&quot;MODAL&quot;:&quot;Du kannst diesen Modal-Inhalt mit der ESC-Taste schlie\\u00dfen&quot;,&quot;ERROR&quot;:&quot;Es ist ein Fehler aufgetreten. Bitte versuche es sp\\u00e4ter noch einmal&quot;,&quot;IMAGE_ERROR&quot;:&quot;Bild nicht gefunden&quot;,&quot;ELEMENT_NOT_FOUND&quot;:&quot;HTML-Element nicht gefunden&quot;,&quot;AJAX_NOT_FOUND&quot;:&quot;Fehler beim Laden von AJAX: Nicht gefunden&quot;,&quot;AJAX_FORBIDDEN&quot;:&quot;Fehler beim Laden von AJAX: Zugriff verweigert&quot;,&quot;IFRAME_ERROR&quot;:&quot;Fehler beim Laden der Seite&quot;,&quot;TOGGLE_ZOOM&quot;:&quot;Zoomstufe umschalten&quot;,&quot;TOGGLE_THUMBS&quot;:&quot;Miniaturansichten ein-\\\/ausblenden&quot;,&quot;TOGGLE_SLIDESHOW&quot;:&quot;Diashow ein-\\\/ausschalten&quot;,&quot;TOGGLE_FULLSCREEN&quot;:&quot;Vollbildmodus umschalten&quot;},&quot;Images&quot;:{&quot;Panzoom&quot;:{&quot;maxScale&quot;:2}},&quot;mainClass&quot;:&quot;modula-fancybox-container modula-lightbox-jtg-450&quot;,&quot;Html&quot;:{&quot;videoAutoplay&quot;:0,&quot;videoTpl&quot;:&quot;&lt;video class=\\&quot;fancybox__html5video\\&quot; controls muted playsinline controlsList controlsList=\\&quot;nodownload\\&quot; poster=\\&quot;{{poster}}\\&quot; src=\\&quot;{{src}}\\&quot; type=\\&quot;{{format}}\\&quot; &gt;  Sorry, your browser doesn&#039;t support embedded videos, &lt;a href=\\&quot;{{src}}\\&quot;&gt; download &lt;\\\/a&gt; and watch with your favorite video player! &lt;\\\/video&gt;&quot;}},&quot;inView&quot;:false,&quot;email_subject&quot;:&quot;Check out this awesome image !!&quot;,&quot;email_message&quot;:&quot;Here is the link to the image : %%image_link%% and this is the link to the gallery : %%gallery_link%%&quot;,&quot;lightbox&quot;:&quot;fancybox&quot;}\">\n\n\t\n\t<div  class=\"modula-items\">\n\t\t<div class=\"modula-item effect-pufrobo\" >\n\t<div class=\"modula-item-overlay\"><\/div>\n\n\t<div class=\"modula-item-content\">\n\n\t\t<a data-image-id=\"721\" role=\"button\" data-elementor-open-lightbox=\"no\" tabindex=\"0\" rel=\"jtg-450\" data-caption=\"\" aria-label=\"Bilder in Lightbox \u00f6ffnen\" class=\"tile-inner modula-item-link\"><\/a><img fetchpriority=\"high\" fetchpriority=\"high\" decoding=\"async\" class=\"pic wp-image-721\"  data-valign=\"middle\" data-halign=\"center\" alt=\"\" data-full=\"https:\/\/marionwuethrich.ch\/wp-content\/uploads\/2025\/03\/20231023_134738_1895_HP.jpg\" title=\"20231023_134738_1895_HP\" crop=\"\" width=\"1920\" height=\"1280\" src=\"https:\/\/marionwuethrich.ch\/wp-content\/uploads\/2025\/03\/20231023_134738_1895_HP.jpg\" data-src=\"https:\/\/marionwuethrich.ch\/wp-content\/uploads\/2025\/03\/20231023_134738_1895_HP.jpg\" data-caption=\"\" srcset=\"https:\/\/marionwuethrich.ch\/wp-content\/uploads\/2025\/03\/20231023_134738_1895_HP.jpg 1920w, https:\/\/marionwuethrich.ch\/wp-content\/uploads\/2025\/03\/20231023_134738_1895_HP-1280x853.jpg 1280w, https:\/\/marionwuethrich.ch\/wp-content\/uploads\/2025\/03\/20231023_134738_1895_HP-980x653.jpg 980w, https:\/\/marionwuethrich.ch\/wp-content\/uploads\/2025\/03\/20231023_134738_1895_HP-480x320.jpg 480w\" sizes=\"(min-width: 0px) and (max-width: 480px) 480px, (min-width: 481px) and (max-width: 980px) 980px, (min-width: 981px) and (max-width: 1280px) 1280px, (min-width: 1281px) 1920px, 100vw\" \/>\n\t\t<div class=\"figc no-description\">\n\t\t\t<div class=\"figc-inner\">\n\t\t\t\t\t\t\t\t\t\t\t\t\t\t\t<\/div>\n\t\t<\/div>\n\n\t<\/div>\n\n<\/div><div class=\"modula-item effect-pufrobo\" >\n\t<div class=\"modula-item-overlay\"><\/div>\n\n\t<div class=\"modula-item-content\">\n\n\t\t<a data-image-id=\"449\" role=\"button\" data-elementor-open-lightbox=\"no\" tabindex=\"0\" rel=\"jtg-450\" data-caption=\"\" aria-label=\"Bilder in Lightbox \u00f6ffnen\" class=\"tile-inner modula-item-link\"><\/a><img decoding=\"async\" class=\"pic wp-image-449\"  data-valign=\"middle\" data-halign=\"center\" alt=\"\" data-full=\"https:\/\/marionwuethrich.ch\/wp-content\/uploads\/2025\/02\/2023-10-23_112039_1872-1.jpg\" title=\"2023-10-23_112039_1872 1\" crop=\"\" width=\"2048\" height=\"1152\" src=\"https:\/\/marionwuethrich.ch\/wp-content\/uploads\/2025\/02\/2023-10-23_112039_1872-1.jpg\" data-src=\"https:\/\/marionwuethrich.ch\/wp-content\/uploads\/2025\/02\/2023-10-23_112039_1872-1.jpg\" data-caption=\"\" srcset=\"https:\/\/marionwuethrich.ch\/wp-content\/uploads\/2025\/02\/2023-10-23_112039_1872-1.jpg 2048w, https:\/\/marionwuethrich.ch\/wp-content\/uploads\/2025\/02\/2023-10-23_112039_1872-1-1280x720.jpg 1280w, https:\/\/marionwuethrich.ch\/wp-content\/uploads\/2025\/02\/2023-10-23_112039_1872-1-980x551.jpg 980w, https:\/\/marionwuethrich.ch\/wp-content\/uploads\/2025\/02\/2023-10-23_112039_1872-1-480x270.jpg 480w\" sizes=\"(min-width: 0px) and (max-width: 480px) 480px, (min-width: 481px) and (max-width: 980px) 980px, (min-width: 981px) and (max-width: 1280px) 1280px, (min-width: 1281px) 2048px, 100vw\" \/>\n\t\t<div class=\"figc no-description\">\n\t\t\t<div class=\"figc-inner\">\n\t\t\t\t\t\t\t\t\t\t\t\t\t\t\t<\/div>\n\t\t<\/div>\n\n\t<\/div>\n\n<\/div><div class=\"modula-item effect-pufrobo\" >\n\t<div class=\"modula-item-overlay\"><\/div>\n\n\t<div class=\"modula-item-content\">\n\n\t\t<a data-image-id=\"88\" role=\"button\" data-elementor-open-lightbox=\"no\" tabindex=\"0\" rel=\"jtg-450\" data-caption=\"Norwegen 2023\" aria-label=\"Bilder in Lightbox \u00f6ffnen\" class=\"tile-inner modula-item-link\"><\/a><img decoding=\"async\" class=\"pic wp-image-88\"  data-valign=\"middle\" data-halign=\"center\" alt=\"\" data-full=\"https:\/\/marionwuethrich.ch\/wp-content\/uploads\/2024\/02\/2024-10-23_181833_Norwegen_A9_1937_HP.jpg\" title=\"2024-10-23_181833_Norwegen_A9_1937_HP\" crop=\"\" width=\"1920\" height=\"1280\" src=\"https:\/\/marionwuethrich.ch\/wp-content\/uploads\/2024\/02\/2024-10-23_181833_Norwegen_A9_1937_HP.jpg\" data-src=\"https:\/\/marionwuethrich.ch\/wp-content\/uploads\/2024\/02\/2024-10-23_181833_Norwegen_A9_1937_HP.jpg\" data-caption=\"Norwegen 2023\" srcset=\"https:\/\/marionwuethrich.ch\/wp-content\/uploads\/2024\/02\/2024-10-23_181833_Norwegen_A9_1937_HP.jpg 1920w, https:\/\/marionwuethrich.ch\/wp-content\/uploads\/2024\/02\/2024-10-23_181833_Norwegen_A9_1937_HP-1280x853.jpg 1280w, https:\/\/marionwuethrich.ch\/wp-content\/uploads\/2024\/02\/2024-10-23_181833_Norwegen_A9_1937_HP-980x653.jpg 980w, https:\/\/marionwuethrich.ch\/wp-content\/uploads\/2024\/02\/2024-10-23_181833_Norwegen_A9_1937_HP-480x320.jpg 480w\" sizes=\"(min-width: 0px) and (max-width: 480px) 480px, (min-width: 481px) and (max-width: 980px) 980px, (min-width: 981px) and (max-width: 1280px) 1280px, (min-width: 1281px) 1920px, 100vw\" \/>\n\t\t<div class=\"figc\">\n\t\t\t<div class=\"figc-inner\">\n\t\t\t\t\t\t\t\t\t\t\t\t\t<div class=\"jtg-description\">Norwegen 2023<\/div>\n\t\t\t\t\t\t\t\t\t\t\t<\/div>\n\t\t<\/div>\n\n\t<\/div>\n\n<\/div><div class=\"modula-item effect-pufrobo\" >\n\t<div class=\"modula-item-overlay\"><\/div>\n\n\t<div class=\"modula-item-content\">\n\n\t\t<a data-image-id=\"719\" role=\"button\" data-elementor-open-lightbox=\"no\" tabindex=\"0\" rel=\"jtg-450\" data-caption=\"\" aria-label=\"Bilder in Lightbox \u00f6ffnen\" class=\"tile-inner modula-item-link\"><\/a><img loading=\"lazy\" loading=\"lazy\" decoding=\"async\" class=\"pic wp-image-719\"  data-valign=\"middle\" data-halign=\"center\" alt=\"\" data-full=\"https:\/\/marionwuethrich.ch\/wp-content\/uploads\/2025\/03\/20231023_134547_1892_HP.jpg\" title=\"20231023_134547_1892_HP\" crop=\"\" width=\"1280\" height=\"1920\" src=\"https:\/\/marionwuethrich.ch\/wp-content\/uploads\/2025\/03\/20231023_134547_1892_HP.jpg\" data-src=\"https:\/\/marionwuethrich.ch\/wp-content\/uploads\/2025\/03\/20231023_134547_1892_HP.jpg\" data-caption=\"\" srcset=\"https:\/\/marionwuethrich.ch\/wp-content\/uploads\/2025\/03\/20231023_134547_1892_HP.jpg 1280w, https:\/\/marionwuethrich.ch\/wp-content\/uploads\/2025\/03\/20231023_134547_1892_HP-980x1470.jpg 980w, https:\/\/marionwuethrich.ch\/wp-content\/uploads\/2025\/03\/20231023_134547_1892_HP-480x720.jpg 480w\" sizes=\"(min-width: 0px) and (max-width: 480px) 480px, (min-width: 481px) and (max-width: 980px) 980px, (min-width: 981px) 1280px, 100vw\" \/>\n\t\t<div class=\"figc no-description\">\n\t\t\t<div class=\"figc-inner\">\n\t\t\t\t\t\t\t\t\t\t\t\t\t\t\t<\/div>\n\t\t<\/div>\n\n\t<\/div>\n\n<\/div><div class=\"modula-item effect-pufrobo\" >\n\t<div class=\"modula-item-overlay\"><\/div>\n\n\t<div class=\"modula-item-content\">\n\n\t\t<a data-image-id=\"739\" role=\"button\" data-elementor-open-lightbox=\"no\" tabindex=\"0\" rel=\"jtg-450\" data-caption=\"\" aria-label=\"Bilder in Lightbox \u00f6ffnen\" class=\"tile-inner modula-item-link\"><\/a><img loading=\"lazy\" loading=\"lazy\" decoding=\"async\" class=\"pic wp-image-739\"  data-valign=\"middle\" data-halign=\"center\" alt=\"\" data-full=\"https:\/\/marionwuethrich.ch\/wp-content\/uploads\/2025\/03\/20231102_224032_3759-Bearbeitet-Bearbeitet_HP.jpg\" title=\"20231102_224032_3759-Bearbeitet-Bearbeitet_HP\" crop=\"\" width=\"1920\" height=\"1280\" src=\"https:\/\/marionwuethrich.ch\/wp-content\/uploads\/2025\/03\/20231102_224032_3759-Bearbeitet-Bearbeitet_HP.jpg\" data-src=\"https:\/\/marionwuethrich.ch\/wp-content\/uploads\/2025\/03\/20231102_224032_3759-Bearbeitet-Bearbeitet_HP.jpg\" data-caption=\"\" srcset=\"https:\/\/marionwuethrich.ch\/wp-content\/uploads\/2025\/03\/20231102_224032_3759-Bearbeitet-Bearbeitet_HP.jpg 1920w, https:\/\/marionwuethrich.ch\/wp-content\/uploads\/2025\/03\/20231102_224032_3759-Bearbeitet-Bearbeitet_HP-1280x853.jpg 1280w, https:\/\/marionwuethrich.ch\/wp-content\/uploads\/2025\/03\/20231102_224032_3759-Bearbeitet-Bearbeitet_HP-980x653.jpg 980w, https:\/\/marionwuethrich.ch\/wp-content\/uploads\/2025\/03\/20231102_224032_3759-Bearbeitet-Bearbeitet_HP-480x320.jpg 480w\" sizes=\"(min-width: 0px) and (max-width: 480px) 480px, (min-width: 481px) and (max-width: 980px) 980px, (min-width: 981px) and (max-width: 1280px) 1280px, (min-width: 1281px) 1920px, 100vw\" \/>\n\t\t<div class=\"figc no-description\">\n\t\t\t<div class=\"figc-inner\">\n\t\t\t\t\t\t\t\t\t\t\t\t\t\t\t<\/div>\n\t\t<\/div>\n\n\t<\/div>\n\n<\/div>\t\t\n\t<\/div>\n\n\t\n\t\n\t<script type=\"application\/ld+json\">\n\t{\n\t\t\"@context\": \"http:\/\/schema.org\",\n\t\t\"@type\"   : \"ImageGallery\",\n\t\t\"id\"      : \"https:\/\/marionwuethrich.ch\/index.php\/2023\/11\/02\/norwegen\/\",\n\t\t\"url\"     : \"https:\/\/marionwuethrich.ch\/index.php\/2023\/11\/02\/norwegen\/\"\n\t}\n\n\t<\/script>\n\n\t\n<\/div>\n\n<p>[\/et_pb_text][\/et_pb_column][\/et_pb_row][\/et_pb_section]<\/p>\n","protected":false},"excerpt":{"rendered":"<p>Reise mit der Polaris der Reederei Havila \u2013 meine unvergesslichen Tage &nbsp; 22.10.2023 \u2013 02.11.2023 &nbsp; Meine Sehnsucht nach dem Norden wuchs \u00fcber viele Jahre hinweg. Endlich war es soweit. Vom 22. Oktober bis zum 2. November 2023 erlebte ich die sch\u00f6nste Zeit meines Lebens an Bord der Polaris von Havila. Seither vermisse ich jede [&hellip;]<\/p>\n","protected":false},"author":3,"featured_media":88,"comment_status":"open","ping_status":"closed","sticky":false,"template":"","format":"standard","meta":{"_et_pb_use_builder":"on","_et_pb_old_content":"","_et_gb_content_width":"","footnotes":""},"categories":[23,19],"tags":[],"class_list":["post-2315","post","type-post","status-publish","format-standard","has-post-thumbnail","hentry","category-norwegen","category-reisen"],"yoast_head":"<!-- This site is optimized with the Yoast SEO plugin v27.5 - https:\/\/yoast.com\/product\/yoast-seo-wordpress\/ -->\n<title>2023 NORWEGEN - Marion W\u00fcthrich - Fotografie und mehr..<\/title>\n<meta name=\"robots\" content=\"index, follow, max-snippet:-1, max-image-preview:large, max-video-preview:-1\" \/>\n<link rel=\"canonical\" href=\"https:\/\/marionwuethrich.ch\/index.php\/2023\/11\/02\/norwegen\/\" \/>\n<meta property=\"og:locale\" content=\"de_DE\" \/>\n<meta property=\"og:type\" content=\"article\" \/>\n<meta property=\"og:title\" content=\"2023 NORWEGEN - Marion W\u00fcthrich - Fotografie und mehr..\" \/>\n<meta property=\"og:description\" content=\"Reise mit der Polaris der Reederei Havila \u2013 meine unvergesslichen Tage &nbsp; 22.10.2023 \u2013 02.11.2023 &nbsp; Meine Sehnsucht nach dem Norden wuchs \u00fcber viele Jahre hinweg. Endlich war es soweit. Vom 22. Oktober bis zum 2. November 2023 erlebte ich die sch\u00f6nste Zeit meines Lebens an Bord der Polaris von Havila. Seither vermisse ich jede [&hellip;]\" \/>\n<meta property=\"og:url\" content=\"https:\/\/marionwuethrich.ch\/index.php\/2023\/11\/02\/norwegen\/\" \/>\n<meta property=\"og:site_name\" content=\"Marion W\u00fcthrich - Fotografie und mehr..\" \/>\n<meta property=\"article:published_time\" content=\"2023-11-02T13:54:21+00:00\" \/>\n<meta property=\"article:modified_time\" content=\"2025-08-25T03:27:07+00:00\" \/>\n<meta property=\"og:image\" content=\"https:\/\/marionwuethrich.ch\/wp-content\/uploads\/2024\/02\/2024-10-23_181833_Norwegen_A9_1937_HP.jpg\" \/>\n\t<meta property=\"og:image:width\" content=\"1920\" \/>\n\t<meta property=\"og:image:height\" content=\"1280\" \/>\n\t<meta property=\"og:image:type\" content=\"image\/jpeg\" \/>\n<meta name=\"author\" content=\"Marion\" \/>\n<meta name=\"twitter:card\" content=\"summary_large_image\" \/>\n<meta name=\"twitter:label1\" content=\"Verfasst von\" \/>\n\t<meta name=\"twitter:data1\" content=\"Marion\" \/>\n\t<meta name=\"twitter:label2\" content=\"Gesch\u00e4tzte Lesezeit\" \/>\n\t<meta name=\"twitter:data2\" content=\"4\u00a0Minuten\" \/>\n<script type=\"application\/ld+json\" class=\"yoast-schema-graph\">{\"@context\":\"https:\\\/\\\/schema.org\",\"@graph\":[{\"@type\":\"Article\",\"@id\":\"https:\\\/\\\/marionwuethrich.ch\\\/index.php\\\/2023\\\/11\\\/02\\\/norwegen\\\/#article\",\"isPartOf\":{\"@id\":\"https:\\\/\\\/marionwuethrich.ch\\\/index.php\\\/2023\\\/11\\\/02\\\/norwegen\\\/\"},\"author\":{\"name\":\"Marion\",\"@id\":\"https:\\\/\\\/marionwuethrich.ch\\\/#\\\/schema\\\/person\\\/b335835b6214c14759c4071e6fa28ed9\"},\"headline\":\"2023 NORWEGEN\",\"datePublished\":\"2023-11-02T13:54:21+00:00\",\"dateModified\":\"2025-08-25T03:27:07+00:00\",\"mainEntityOfPage\":{\"@id\":\"https:\\\/\\\/marionwuethrich.ch\\\/index.php\\\/2023\\\/11\\\/02\\\/norwegen\\\/\"},\"wordCount\":463,\"commentCount\":0,\"image\":{\"@id\":\"https:\\\/\\\/marionwuethrich.ch\\\/index.php\\\/2023\\\/11\\\/02\\\/norwegen\\\/#primaryimage\"},\"thumbnailUrl\":\"https:\\\/\\\/marionwuethrich.ch\\\/wp-content\\\/uploads\\\/2024\\\/02\\\/2024-10-23_181833_Norwegen_A9_1937_HP.jpg\",\"articleSection\":[\"Norwegen\",\"REISEN\"],\"inLanguage\":\"de\",\"potentialAction\":[{\"@type\":\"CommentAction\",\"name\":\"Comment\",\"target\":[\"https:\\\/\\\/marionwuethrich.ch\\\/index.php\\\/2023\\\/11\\\/02\\\/norwegen\\\/#respond\"]}]},{\"@type\":\"WebPage\",\"@id\":\"https:\\\/\\\/marionwuethrich.ch\\\/index.php\\\/2023\\\/11\\\/02\\\/norwegen\\\/\",\"url\":\"https:\\\/\\\/marionwuethrich.ch\\\/index.php\\\/2023\\\/11\\\/02\\\/norwegen\\\/\",\"name\":\"2023 NORWEGEN - Marion W\u00fcthrich - Fotografie und mehr..\",\"isPartOf\":{\"@id\":\"https:\\\/\\\/marionwuethrich.ch\\\/#website\"},\"primaryImageOfPage\":{\"@id\":\"https:\\\/\\\/marionwuethrich.ch\\\/index.php\\\/2023\\\/11\\\/02\\\/norwegen\\\/#primaryimage\"},\"image\":{\"@id\":\"https:\\\/\\\/marionwuethrich.ch\\\/index.php\\\/2023\\\/11\\\/02\\\/norwegen\\\/#primaryimage\"},\"thumbnailUrl\":\"https:\\\/\\\/marionwuethrich.ch\\\/wp-content\\\/uploads\\\/2024\\\/02\\\/2024-10-23_181833_Norwegen_A9_1937_HP.jpg\",\"datePublished\":\"2023-11-02T13:54:21+00:00\",\"dateModified\":\"2025-08-25T03:27:07+00:00\",\"author\":{\"@id\":\"https:\\\/\\\/marionwuethrich.ch\\\/#\\\/schema\\\/person\\\/b335835b6214c14759c4071e6fa28ed9\"},\"breadcrumb\":{\"@id\":\"https:\\\/\\\/marionwuethrich.ch\\\/index.php\\\/2023\\\/11\\\/02\\\/norwegen\\\/#breadcrumb\"},\"inLanguage\":\"de\",\"potentialAction\":[{\"@type\":\"ReadAction\",\"target\":[\"https:\\\/\\\/marionwuethrich.ch\\\/index.php\\\/2023\\\/11\\\/02\\\/norwegen\\\/\"]}]},{\"@type\":\"ImageObject\",\"inLanguage\":\"de\",\"@id\":\"https:\\\/\\\/marionwuethrich.ch\\\/index.php\\\/2023\\\/11\\\/02\\\/norwegen\\\/#primaryimage\",\"url\":\"https:\\\/\\\/marionwuethrich.ch\\\/wp-content\\\/uploads\\\/2024\\\/02\\\/2024-10-23_181833_Norwegen_A9_1937_HP.jpg\",\"contentUrl\":\"https:\\\/\\\/marionwuethrich.ch\\\/wp-content\\\/uploads\\\/2024\\\/02\\\/2024-10-23_181833_Norwegen_A9_1937_HP.jpg\",\"width\":1920,\"height\":1280,\"caption\":\"Norwegen 2023\"},{\"@type\":\"BreadcrumbList\",\"@id\":\"https:\\\/\\\/marionwuethrich.ch\\\/index.php\\\/2023\\\/11\\\/02\\\/norwegen\\\/#breadcrumb\",\"itemListElement\":[{\"@type\":\"ListItem\",\"position\":1,\"name\":\"Startseite\",\"item\":\"https:\\\/\\\/marionwuethrich.ch\\\/\"},{\"@type\":\"ListItem\",\"position\":2,\"name\":\"2023 NORWEGEN\"}]},{\"@type\":\"WebSite\",\"@id\":\"https:\\\/\\\/marionwuethrich.ch\\\/#website\",\"url\":\"https:\\\/\\\/marionwuethrich.ch\\\/\",\"name\":\"Marion W\u00fcthrich - Fotografie und mehr..\",\"description\":\"Fotografie\",\"potentialAction\":[{\"@type\":\"SearchAction\",\"target\":{\"@type\":\"EntryPoint\",\"urlTemplate\":\"https:\\\/\\\/marionwuethrich.ch\\\/?s={search_term_string}\"},\"query-input\":{\"@type\":\"PropertyValueSpecification\",\"valueRequired\":true,\"valueName\":\"search_term_string\"}}],\"inLanguage\":\"de\"},{\"@type\":\"Person\",\"@id\":\"https:\\\/\\\/marionwuethrich.ch\\\/#\\\/schema\\\/person\\\/b335835b6214c14759c4071e6fa28ed9\",\"name\":\"Marion\",\"image\":{\"@type\":\"ImageObject\",\"inLanguage\":\"de\",\"@id\":\"https:\\\/\\\/secure.gravatar.com\\\/avatar\\\/0c0461f1098d3f30d130c69d47867e4a7268f4dc83eef764bc035960af18d47f?s=96&d=mm&r=g\",\"url\":\"https:\\\/\\\/secure.gravatar.com\\\/avatar\\\/0c0461f1098d3f30d130c69d47867e4a7268f4dc83eef764bc035960af18d47f?s=96&d=mm&r=g\",\"contentUrl\":\"https:\\\/\\\/secure.gravatar.com\\\/avatar\\\/0c0461f1098d3f30d130c69d47867e4a7268f4dc83eef764bc035960af18d47f?s=96&d=mm&r=g\",\"caption\":\"Marion\"},\"sameAs\":[\"https:\\\/\\\/marionwuethrich.ch\"],\"url\":\"https:\\\/\\\/marionwuethrich.ch\\\/index.php\\\/author\\\/marionwuethrich\\\/\"}]}<\/script>\n<!-- \/ Yoast SEO plugin. -->","yoast_head_json":{"title":"2023 NORWEGEN - Marion W\u00fcthrich - Fotografie und mehr..","robots":{"index":"index","follow":"follow","max-snippet":"max-snippet:-1","max-image-preview":"max-image-preview:large","max-video-preview":"max-video-preview:-1"},"canonical":"https:\/\/marionwuethrich.ch\/index.php\/2023\/11\/02\/norwegen\/","og_locale":"de_DE","og_type":"article","og_title":"2023 NORWEGEN - Marion W\u00fcthrich - Fotografie und mehr..","og_description":"Reise mit der Polaris der Reederei Havila \u2013 meine unvergesslichen Tage &nbsp; 22.10.2023 \u2013 02.11.2023 &nbsp; Meine Sehnsucht nach dem Norden wuchs \u00fcber viele Jahre hinweg. Endlich war es soweit. Vom 22. Oktober bis zum 2. November 2023 erlebte ich die sch\u00f6nste Zeit meines Lebens an Bord der Polaris von Havila. Seither vermisse ich jede [&hellip;]","og_url":"https:\/\/marionwuethrich.ch\/index.php\/2023\/11\/02\/norwegen\/","og_site_name":"Marion W\u00fcthrich - Fotografie und mehr..","article_published_time":"2023-11-02T13:54:21+00:00","article_modified_time":"2025-08-25T03:27:07+00:00","og_image":[{"width":1920,"height":1280,"url":"https:\/\/marionwuethrich.ch\/wp-content\/uploads\/2024\/02\/2024-10-23_181833_Norwegen_A9_1937_HP.jpg","type":"image\/jpeg"}],"author":"Marion","twitter_card":"summary_large_image","twitter_misc":{"Verfasst von":"Marion","Gesch\u00e4tzte Lesezeit":"4\u00a0Minuten"},"schema":{"@context":"https:\/\/schema.org","@graph":[{"@type":"Article","@id":"https:\/\/marionwuethrich.ch\/index.php\/2023\/11\/02\/norwegen\/#article","isPartOf":{"@id":"https:\/\/marionwuethrich.ch\/index.php\/2023\/11\/02\/norwegen\/"},"author":{"name":"Marion","@id":"https:\/\/marionwuethrich.ch\/#\/schema\/person\/b335835b6214c14759c4071e6fa28ed9"},"headline":"2023 NORWEGEN","datePublished":"2023-11-02T13:54:21+00:00","dateModified":"2025-08-25T03:27:07+00:00","mainEntityOfPage":{"@id":"https:\/\/marionwuethrich.ch\/index.php\/2023\/11\/02\/norwegen\/"},"wordCount":463,"commentCount":0,"image":{"@id":"https:\/\/marionwuethrich.ch\/index.php\/2023\/11\/02\/norwegen\/#primaryimage"},"thumbnailUrl":"https:\/\/marionwuethrich.ch\/wp-content\/uploads\/2024\/02\/2024-10-23_181833_Norwegen_A9_1937_HP.jpg","articleSection":["Norwegen","REISEN"],"inLanguage":"de","potentialAction":[{"@type":"CommentAction","name":"Comment","target":["https:\/\/marionwuethrich.ch\/index.php\/2023\/11\/02\/norwegen\/#respond"]}]},{"@type":"WebPage","@id":"https:\/\/marionwuethrich.ch\/index.php\/2023\/11\/02\/norwegen\/","url":"https:\/\/marionwuethrich.ch\/index.php\/2023\/11\/02\/norwegen\/","name":"2023 NORWEGEN - Marion W\u00fcthrich - Fotografie und mehr..","isPartOf":{"@id":"https:\/\/marionwuethrich.ch\/#website"},"primaryImageOfPage":{"@id":"https:\/\/marionwuethrich.ch\/index.php\/2023\/11\/02\/norwegen\/#primaryimage"},"image":{"@id":"https:\/\/marionwuethrich.ch\/index.php\/2023\/11\/02\/norwegen\/#primaryimage"},"thumbnailUrl":"https:\/\/marionwuethrich.ch\/wp-content\/uploads\/2024\/02\/2024-10-23_181833_Norwegen_A9_1937_HP.jpg","datePublished":"2023-11-02T13:54:21+00:00","dateModified":"2025-08-25T03:27:07+00:00","author":{"@id":"https:\/\/marionwuethrich.ch\/#\/schema\/person\/b335835b6214c14759c4071e6fa28ed9"},"breadcrumb":{"@id":"https:\/\/marionwuethrich.ch\/index.php\/2023\/11\/02\/norwegen\/#breadcrumb"},"inLanguage":"de","potentialAction":[{"@type":"ReadAction","target":["https:\/\/marionwuethrich.ch\/index.php\/2023\/11\/02\/norwegen\/"]}]},{"@type":"ImageObject","inLanguage":"de","@id":"https:\/\/marionwuethrich.ch\/index.php\/2023\/11\/02\/norwegen\/#primaryimage","url":"https:\/\/marionwuethrich.ch\/wp-content\/uploads\/2024\/02\/2024-10-23_181833_Norwegen_A9_1937_HP.jpg","contentUrl":"https:\/\/marionwuethrich.ch\/wp-content\/uploads\/2024\/02\/2024-10-23_181833_Norwegen_A9_1937_HP.jpg","width":1920,"height":1280,"caption":"Norwegen 2023"},{"@type":"BreadcrumbList","@id":"https:\/\/marionwuethrich.ch\/index.php\/2023\/11\/02\/norwegen\/#breadcrumb","itemListElement":[{"@type":"ListItem","position":1,"name":"Startseite","item":"https:\/\/marionwuethrich.ch\/"},{"@type":"ListItem","position":2,"name":"2023 NORWEGEN"}]},{"@type":"WebSite","@id":"https:\/\/marionwuethrich.ch\/#website","url":"https:\/\/marionwuethrich.ch\/","name":"Marion W\u00fcthrich - Fotografie und mehr..","description":"Fotografie","potentialAction":[{"@type":"SearchAction","target":{"@type":"EntryPoint","urlTemplate":"https:\/\/marionwuethrich.ch\/?s={search_term_string}"},"query-input":{"@type":"PropertyValueSpecification","valueRequired":true,"valueName":"search_term_string"}}],"inLanguage":"de"},{"@type":"Person","@id":"https:\/\/marionwuethrich.ch\/#\/schema\/person\/b335835b6214c14759c4071e6fa28ed9","name":"Marion","image":{"@type":"ImageObject","inLanguage":"de","@id":"https:\/\/secure.gravatar.com\/avatar\/0c0461f1098d3f30d130c69d47867e4a7268f4dc83eef764bc035960af18d47f?s=96&d=mm&r=g","url":"https:\/\/secure.gravatar.com\/avatar\/0c0461f1098d3f30d130c69d47867e4a7268f4dc83eef764bc035960af18d47f?s=96&d=mm&r=g","contentUrl":"https:\/\/secure.gravatar.com\/avatar\/0c0461f1098d3f30d130c69d47867e4a7268f4dc83eef764bc035960af18d47f?s=96&d=mm&r=g","caption":"Marion"},"sameAs":["https:\/\/marionwuethrich.ch"],"url":"https:\/\/marionwuethrich.ch\/index.php\/author\/marionwuethrich\/"}]}},"_links":{"self":[{"href":"https:\/\/marionwuethrich.ch\/index.php\/wp-json\/wp\/v2\/posts\/2315","targetHints":{"allow":["GET"]}}],"collection":[{"href":"https:\/\/marionwuethrich.ch\/index.php\/wp-json\/wp\/v2\/posts"}],"about":[{"href":"https:\/\/marionwuethrich.ch\/index.php\/wp-json\/wp\/v2\/types\/post"}],"author":[{"embeddable":true,"href":"https:\/\/marionwuethrich.ch\/index.php\/wp-json\/wp\/v2\/users\/3"}],"replies":[{"embeddable":true,"href":"https:\/\/marionwuethrich.ch\/index.php\/wp-json\/wp\/v2\/comments?post=2315"}],"version-history":[{"count":28,"href":"https:\/\/marionwuethrich.ch\/index.php\/wp-json\/wp\/v2\/posts\/2315\/revisions"}],"predecessor-version":[{"id":2628,"href":"https:\/\/marionwuethrich.ch\/index.php\/wp-json\/wp\/v2\/posts\/2315\/revisions\/2628"}],"wp:featuredmedia":[{"embeddable":true,"href":"https:\/\/marionwuethrich.ch\/index.php\/wp-json\/wp\/v2\/media\/88"}],"wp:attachment":[{"href":"https:\/\/marionwuethrich.ch\/index.php\/wp-json\/wp\/v2\/media?parent=2315"}],"wp:term":[{"taxonomy":"category","embeddable":true,"href":"https:\/\/marionwuethrich.ch\/index.php\/wp-json\/wp\/v2\/categories?post=2315"},{"taxonomy":"post_tag","embeddable":true,"href":"https:\/\/marionwuethrich.ch\/index.php\/wp-json\/wp\/v2\/tags?post=2315"}],"curies":[{"name":"wp","href":"https:\/\/api.w.org\/{rel}","templated":true}]}}